{"id":1118,"date":"2016-05-27T07:28:12","date_gmt":"2016-05-27T05:28:12","guid":{"rendered":"http:\/\/www.megevesttropez.com\/?p=1118"},"modified":"2024-08-08T16:16:59","modified_gmt":"2024-08-08T14:16:59","slug":"jeudi-26-mai-alpe-dhuez-col-de-perty-st-remy-de-provence-342-km","status":"publish","type":"post","link":"http:\/\/www.megevesttropez.com\/en\/jeudi-26-mai-alpe-dhuez-col-de-perty-st-remy-de-provence-342-km\/","title":{"rendered":"STAGE 2 : <\/br>L&#8217;ALPE D&#8217;HUEZ &#8211; ST-REMY DE PROVENCE"},"content":{"rendered":"<h2>Jeudi 26 mai : Alpe d&#8217;Huez &#8211; Col de Perty &#8211; St-R\u00e9my-de-Provence (342 km)<\/h2>\r\n\r\n<a href=\"http:\/\/www.megevesttropez.com\/wp-content\/uploads\/2016\/05\/IMG_7621.jpg\" rel=\"attachment wp-att-1067\" data-rel=\"lightbox-image-0\" data-rl_title=\"\" data-rl_caption=\"\" title=\"\"><img loading=\"lazy\" decoding=\"async\" src=\"http:\/\/www.megevesttropez.com\/wp-content\/uploads\/2016\/05\/IMG_7621-300x200.jpg\" alt=\"[cml_media_alt id='1067']IMG_7621[\/cml_media_alt]\" width=\"300\" height=\"200\" class=\"alignright size-medium wp-image-1067\" \/><\/a>Depuis l\u2019Alpe d\u2019Huez, les Classics et les Prestiges ont repris la route des 21 lacets, cette fois-ci en descente, avant de prendre la route des Hautes-Alpes via l\u2019\u00e9troit et escarp\u00e9 Col de Parquettout, laissant place au massif des Ecrins. Le parcours a progressivement quitter les grands cols alpins pour laisser place aux trac\u00e9s des plus belles \u00e9preuves du c\u00e9l\u00e8bre rallye de Monte-Carlo.\r\n<br>\r\nLes aficionados des rallyes ont eu loisir de parcourir des monuments du sport automobile tels que \u00ab Les Savoyons \u00bb et \u00ab Laborel &#8211; Montauban \u00bb. C\u2019est dans cette derni\u00e8re que les concurrents \u00e9taient attendus pour\r\n\u00ab pique-niquer \u00bb au sommet du Col de Perty, avec une vue \u00e9poustouflante sur la Provence des Barronnies.\r\n<br>\r\n<a href=\"http:\/\/www.megevesttropez.com\/wp-content\/uploads\/2016\/05\/MIL_1405.jpg\" rel=\"attachment wp-att-1072\" data-rel=\"lightbox-image-1\" data-rl_title=\"\" data-rl_caption=\"\" title=\"\"><img loading=\"lazy\" decoding=\"async\" src=\"http:\/\/www.megevesttropez.com\/wp-content\/uploads\/2016\/05\/MIL_1405-300x200.jpg\" alt=\"[cml_media_alt id='1072']MIL_1405[\/cml_media_alt]\" width=\"300\" height=\"200\" class=\"alignleft size-medium wp-image-1072\" \/><\/a>La Dr\u00f4me Proven\u00e7ale puis le Vaucluse laisseront ensuite place \u00e0 la mythique ascension du Mont-Ventoux par son versant nord, laissant soudainement place au \u00ab d\u00e9sert \u00bb si facilement reconnaissable du g\u00e9ant de Provence.\r\n<br>\r\nC&#8217;est dans ce d\u00e9cors que s&#8217;est d\u00e9roul\u00e9 l&#8217;\u00e9preuve de r\u00e9gularit\u00e9 du jour, sur la base d&#8217;un 200 m\u00e8tres d\u00e9part arr\u00eat\u00e9. C\u00f4t\u00e9 Classics comme c\u00f4t\u00e9 Prestiges, l&#8217;\u00e9preuve n&#8217;aura pas permis de d\u00e9partager les \u00e9quipages, trop nombreux \u00e0 avoir respect\u00e9 exactement leur temps de course annonc\u00e9s pour effectuer un classement podium ! Un r\u00e9sultat exceptionnel \u00e0 l&#8217;image de l&#8217;esprit de comp\u00e9tition qui r\u00e8gnait sur la ligne de d\u00e9part !\r\n<br>\r\n<a href=\"http:\/\/www.megevesttropez.com\/wp-content\/uploads\/2016\/05\/MSTZ-CARTE-ETAP2.jpg\" rel=\"attachment wp-att-1077\" data-rel=\"lightbox-image-2\" data-rl_title=\"\" data-rl_caption=\"\" title=\"\"><img loading=\"lazy\" decoding=\"async\" src=\"http:\/\/www.megevesttropez.com\/wp-content\/uploads\/2016\/05\/MSTZ-CARTE-ETAP2-240x300.jpg\" alt=\"[cml_media_alt id='1077']MSTZ-CARTE-ETAP2[\/cml_media_alt]\" width=\"240\" height=\"300\" class=\"alignright size-medium wp-image-1077\" \/><\/a>Apr\u00e8s la St\u00e8le en hommage au cycliste Tom Simpson et le Chalet Reynard, les \u00e9quipages ont attaqu\u00e9s le non-moins fameux trac\u00e9 de la Course de C\u00f4te, ch\u00e8re au Championnat de France et d\u2019Europe de la Montagne, qui, parcourue en descente prend une dimension toute particuli\u00e8re.\r\n<br>\r\nD\u00e8s la Vall\u00e9e du Rh\u00f4ne franchie, la route serpente entre lavandes et oliviers pour le plus grand bonheur des yeux et s\u2019ach\u00e8ve au pied des Alpilles o\u00f9 la Ville de St-Remy de Provence accueille le rallye pour la premi\u00e8re fois.\r\n<br>\r\nIl ne pouvait y avoir meilleur clin d\u2019oeil pour un rallye comme le Meg\u00e8ve &#8211; St-Tropez qu\u2019un passage dans ces terres d\u2019impressionnisme, ch\u00e8res \u00e0 Vincent Van Gogh qui r\u00e9alisa certainement ses plus belles toiles lors de son s\u00e9jour \u00e0 Saint Remy-de-Provence.\r\n<br>\r\nLe Domaine de Guilbert recevra les participants pour la visite de son vignoble avant la fin d\u2019\u00e9tape.\r\nLa soir\u00e9e au coeur des Alpilles est, quant \u00e0 elle, aux couleurs Charles Volner qui propose aux participants une d\u00e9gustation de ses meilleurs vins.\r\n<br>\r\n\r\n<h2 style=\"color: #C72F36;\">Les classements du jour<\/h2>\r\n\r\n<div class=\"su-row\"><div class=\"su-column su-column-size-1-2\"><div class=\"su-column-inner su-u-clearfix su-u-trim\">\r\n<strong>Cat\u00e9gorie Classics<\/strong>\r\n1 : Samuel LOSTIS &#8211; Lionel ROLLAND ( Triumph TR4 A)\r\n2 : Leopold THISE &#8211; Marie THISE (AC Cobra)\r\n3 : Jean-Marc -Nano- FANARA &#8211; S\u00e9verine FANARA (Alfa Rom\u00e9o Coup\u00e9 2000)\r\n<\/div><\/div>\r\n<div class=\"su-column su-column-size-1-2\"><div class=\"su-column-inner su-u-clearfix su-u-trim\">\r\n<strong>Cat\u00e9gorie Prestiges<\/strong>\r\n1 : Jean-Paul PANON &#8211; B\u00e9atrice PANON (Chevrolet Corvette Z06)\r\n2 : S\u00e9bastien LE STRAT &#8211; La\u00ebticia LE STRAT (Ferrari 458)\r\n3 : Pascal GEDON &#8211; Corinne GEDON (Porsche 991 4S SE)\r\n<\/div><\/div><\/div>","protected":false},"excerpt":{"rendered":"<p>Jeudi 26 mai : Alpe d&#8217;Huez &#8211; Col de Perty &#8211; St-R\u00e9my-de-Provence (342 km) Depuis l\u2019Alpe d\u2019Huez, les Classics et les Prestiges ont repris la route des 21 lacets, cette fois-ci en descente, avant de prendre la route des Hautes-Alpes via l\u2019\u00e9troit et escarp\u00e9 Col de Parquettout, laissant place au massif des Ecrins. Le parcours [&hellip;]<\/p>\n","protected":false},"author":4,"featured_media":12177,"comment_status":"closed","ping_status":"closed","sticky":false,"template":"","format":"standard","meta":{"footnotes":""},"categories":[74,88,4],"tags":[],"class_list":{"0":"post-1118","1":"post","2":"type-post","3":"status-publish","4":"format-standard","5":"has-post-thumbnail","6":"hentry","7":"category-74","8":"category-2eme-edition","9":"category-actualites","11":"post-with-thumbnail","12":"post-with-thumbnail-large"},"translation":{"provider":"WPGlobus","version":"3.0.2","language":"en","enabled_languages":["fr","en"],"languages":{"fr":{"title":true,"content":true,"excerpt":false},"en":{"title":true,"content":false,"excerpt":false}}},"_links":{"self":[{"href":"http:\/\/www.megevesttropez.com\/en\/wp-json\/wp\/v2\/posts\/1118","targetHints":{"allow":["GET"]}}],"collection":[{"href":"http:\/\/www.megevesttropez.com\/en\/wp-json\/wp\/v2\/posts"}],"about":[{"href":"http:\/\/www.megevesttropez.com\/en\/wp-json\/wp\/v2\/types\/post"}],"author":[{"embeddable":true,"href":"http:\/\/www.megevesttropez.com\/en\/wp-json\/wp\/v2\/users\/4"}],"replies":[{"embeddable":true,"href":"http:\/\/www.megevesttropez.com\/en\/wp-json\/wp\/v2\/comments?post=1118"}],"version-history":[{"count":3,"href":"http:\/\/www.megevesttropez.com\/en\/wp-json\/wp\/v2\/posts\/1118\/revisions"}],"predecessor-version":[{"id":12188,"href":"http:\/\/www.megevesttropez.com\/en\/wp-json\/wp\/v2\/posts\/1118\/revisions\/12188"}],"wp:featuredmedia":[{"embeddable":true,"href":"http:\/\/www.megevesttropez.com\/en\/wp-json\/wp\/v2\/media\/12177"}],"wp:attachment":[{"href":"http:\/\/www.megevesttropez.com\/en\/wp-json\/wp\/v2\/media?parent=1118"}],"wp:term":[{"taxonomy":"category","embeddable":true,"href":"http:\/\/www.megevesttropez.com\/en\/wp-json\/wp\/v2\/categories?post=1118"},{"taxonomy":"post_tag","embeddable":true,"href":"http:\/\/www.megevesttropez.com\/en\/wp-json\/wp\/v2\/tags?post=1118"}],"curies":[{"name":"wp","href":"https:\/\/api.w.org\/{rel}","templated":true}]}}