{"id":1120,"date":"2016-05-28T07:32:10","date_gmt":"2016-05-28T05:32:10","guid":{"rendered":"http:\/\/www.megevesttropez.com\/?p=1120"},"modified":"2024-08-08T16:16:59","modified_gmt":"2024-08-08T14:16:59","slug":"vendredi-27-mai-st-remy-de-provence-couvent-minimes-st-tropez-340-km","status":"publish","type":"post","link":"http:\/\/www.megevesttropez.com\/en\/vendredi-27-mai-st-remy-de-provence-couvent-minimes-st-tropez-340-km\/","title":{"rendered":"STAGE 3 : <\/br>ST-REMY DE PROVENCE &#8211; SAINT-TROPEZ"},"content":{"rendered":"<h2>Vendredi 27 Mai : St-Remy-de-Provence &#8211; Couvent des Minimes &#8211; St-Tropez (340 km)<\/h2>\r\n\r\n<a href=\"http:\/\/www.megevesttropez.com\/wp-content\/uploads\/2016\/05\/MSTZ-CARTE-ETAP3.jpg\" rel=\"attachment wp-att-1095\" data-rel=\"lightbox-image-0\" data-rl_title=\"\" data-rl_caption=\"\" title=\"\"><img loading=\"lazy\" decoding=\"async\" src=\"http:\/\/www.megevesttropez.com\/wp-content\/uploads\/2016\/05\/MSTZ-CARTE-ETAP3-300x154.jpg\" alt=\"[cml_media_alt id='1095']MSTZ-CARTE-ETAP3[\/cml_media_alt]\" width=\"300\" height=\"154\" class=\"alignright size-medium wp-image-1095\" \/><\/a>Les concurrents \u00e9tant log\u00e9s dans plusieurs \u00e9tablissements de St-Remy-de-Provence, le d\u00e9part de cette derni\u00e8re \u00e9tape \u00e9tait donn\u00e9 aux Baux de Provence. Les Classics et les Prestiges ont donc imm\u00e9diatement attaqu\u00e9 le Massif des Alpilles par une route souvent m\u00e9connue : le Val d\u2019Enfer, qui permet de rejoindre les Baux par la Cath\u00e9drale d\u2019Image.\r\n<br>\r\n<a href=\"http:\/\/www.megevesttropez.com\/wp-content\/uploads\/2016\/05\/435-D2-025.jpg\" rel=\"attachment wp-att-1090\" data-rel=\"lightbox-image-1\" data-rl_title=\"\" data-rl_caption=\"\" title=\"\"><img loading=\"lazy\" decoding=\"async\" src=\"http:\/\/www.megevesttropez.com\/wp-content\/uploads\/2016\/05\/435-D2-025-300x200.jpg\" alt=\"[cml_media_alt id='1090']435-D2-025[\/cml_media_alt]\" width=\"300\" height=\"200\" class=\"alignleft size-medium wp-image-1090\" \/><\/a>La route devient rapidement plus tourment\u00e9e et nous am\u00e8ne pr\u00e8s de Forcalquier, o\u00f9 les concurrents ont eu plaisir \u00e0 d\u00e9jeuner au sein du Couvent des Minimes, bien connu des amateurs de Relais et Ch\u00e2teau. Un lieu exceptionnel charg\u00e9 d\u2019histoire mariant au mieux son caract\u00e8re d\u2019antan et h\u00f4tellerie moderne.\r\n\r\nApr\u00e8s cette pause d\u00e9jeuner remarqu\u00e9e, la route sinueuse a emmen\u00e9 les concurrents vers le Lac Sainte-Croix \u00e0 la couleur turquoise si particuli\u00e8re, puis jusqu&#8217;aux Gorges du Verdon.\r\n<br>\r\nLa Provence ne livrera ses derniers secrets qu\u2019une fois le Camp militaire de Canjuers travers\u00e9, laissant place aux massif des Maures se distinguant \u00e0 l\u2019horizon. Avant de rentrer \u00e0 Saint-Tropez, les participants ont \u00e9t\u00e9 accueillis par le Domaine Bertaud Bellieu pour la visite du chai. L&#8217;\u00e9tape s&#8217;est conclue sur la Place de Lices de Saint-Tropez, terme de ce 2\u00e8me Rallye Meg\u00e8ve-St-Tropez.\r\n<br>\r\n<a href=\"http:\/\/www.megevesttropez.com\/wp-content\/uploads\/2016\/05\/IMG_7857.jpg\" rel=\"attachment wp-att-1092\" data-rel=\"lightbox-image-2\" data-rl_title=\"\" data-rl_caption=\"\" title=\"\"><img loading=\"lazy\" decoding=\"async\" src=\"http:\/\/www.megevesttropez.com\/wp-content\/uploads\/2016\/05\/IMG_7857-300x200.jpg\" alt=\"[cml_media_alt id='1092']IMG_7857[\/cml_media_alt]\" width=\"300\" height=\"200\" class=\"alignright size-medium wp-image-1092\" \/><\/a>C&#8217;est dans ce lieu mythique que les vainqueurs Classics et Prestiges ont \u00e9t\u00e9 annonc\u00e9s, devant une foule de passionn\u00e9s qui avaient fait le d\u00e9placement pour admirer l&#8217;alignement des voitures exceptionnelles.\r\n<br>\r\nEnfin, le Ch\u00e2teau de la Messardi\u00e8re et les Plages de Pampelonne sont le th\u00e9\u00e2tre de la fin de journ\u00e9e et du d\u00eener de remise des prix qui c\u00e9l\u00e9brant les vainqueurs du rallye, qui ne manqueront pas de sabler le Champagne Veuve Clicquot.\r\n\r\n\r\n<h2 style=\"color: #C72F36;\">Le podium final du rallye<\/h2>\r\n\r\n<div class=\"su-row\"><div class=\"su-column su-column-size-1-2\"><div class=\"su-column-inner su-u-clearfix su-u-trim\">\r\n<strong>Cat\u00e9gorie Classics<\/strong>\r\n1 : L\u00e9opold THISE &#8211; Marie THISE (AC Cobra)\r\n2 : Samuel LOSTIS &#8211; Lionel ROLLAND (Triumph TR4 A)\r\n3 : Jean-Marc -Nano- FANARA &#8211; S\u00e9verine FANARA (Alfa Rom\u00e9o Coup\u00e9 2000)\r\n<\/div><\/div>\r\n<div class=\"su-column su-column-size-1-2\"><div class=\"su-column-inner su-u-clearfix su-u-trim\">\r\n<strong>Cat\u00e9gorie Prestiges<\/strong>\r\n1 : S\u00e9bastien LE STRAT &#8211; La\u00ebticia LE STRAT (Ferrari 458).\r\n2 : Jean-Paul PANON &#8211; B\u00e9atrice PANON (Chevrolet Corvette Z06)\r\n3 : Gilles-Emmanuel TRUTAT &#8211; Eric ZAMMITH (Lotus Elise S3)\r\n<\/div><\/div><\/div>\r\n\r\n<a href=\"http:\/\/www.megevesttropez.com\/wp-content\/uploads\/2016\/05\/CLASSEMENT-GENERAL-FINAL-RALLYE-MEGEVE-ST-TROPEZ-201.pdf\" class=\"su-button su-button-style-default su-button-wide\" style=\"color:#CC4625;background-color:#fafafa;border-color:#c8c8c8;border-radius:8px\" target=\"_blank\" rel=\"noopener noreferrer\"><span style=\"color:#CC4625;padding:7px 22px;font-size:17px;line-height:26px;border-color:#fcfcfc;border-radius:8px;text-shadow:none\"><i class=\"sui sui-file-pdf-o\" style=\"font-size:17px;color:#CC4625\"><\/i> Affichez le classement final du Rallye Meg\u00e8ve &#8211; St-Tropez 2016<\/span><\/a>\r\n\r\n\r\n<div class=\"su-spacer\" style=\"height:20px\"><\/div>\r\n\r\n<img loading=\"lazy\" decoding=\"async\" src=\"http:\/\/www.megevesttropez.com\/wp-content\/uploads\/2014\/09\/photo-vainqueurs2.jpg\" alt=\"[cml_media_alt id='1107']photo-vainqueurs2[\/cml_media_alt]\" width=\"1200\" height=\"715\" class=\"alignleft size-full wp-image-1107\" \/>\r\n\r\n<div class=\"su-spacer\" style=\"height:20px\"><\/div>","protected":false},"excerpt":{"rendered":"<p>Vendredi 27 Mai : St-Remy-de-Provence &#8211; Couvent des Minimes &#8211; St-Tropez (340 km) Les concurrents \u00e9tant log\u00e9s dans plusieurs \u00e9tablissements de St-Remy-de-Provence, le d\u00e9part de cette derni\u00e8re \u00e9tape \u00e9tait donn\u00e9 aux Baux de Provence. Les Classics et les Prestiges ont donc imm\u00e9diatement attaqu\u00e9 le Massif des Alpilles par une route souvent m\u00e9connue : le Val [&hellip;]<\/p>\n","protected":false},"author":4,"featured_media":12178,"comment_status":"closed","ping_status":"closed","sticky":false,"template":"","format":"standard","meta":{"footnotes":""},"categories":[74,88,4],"tags":[],"class_list":{"0":"post-1120","1":"post","2":"type-post","3":"status-publish","4":"format-standard","5":"has-post-thumbnail","6":"hentry","7":"category-74","8":"category-2eme-edition","9":"category-actualites","11":"post-with-thumbnail","12":"post-with-thumbnail-large"},"translation":{"provider":"WPGlobus","version":"3.0.2","language":"en","enabled_languages":["fr","en"],"languages":{"fr":{"title":true,"content":true,"excerpt":false},"en":{"title":true,"content":false,"excerpt":false}}},"_links":{"self":[{"href":"http:\/\/www.megevesttropez.com\/en\/wp-json\/wp\/v2\/posts\/1120","targetHints":{"allow":["GET"]}}],"collection":[{"href":"http:\/\/www.megevesttropez.com\/en\/wp-json\/wp\/v2\/posts"}],"about":[{"href":"http:\/\/www.megevesttropez.com\/en\/wp-json\/wp\/v2\/types\/post"}],"author":[{"embeddable":true,"href":"http:\/\/www.megevesttropez.com\/en\/wp-json\/wp\/v2\/users\/4"}],"replies":[{"embeddable":true,"href":"http:\/\/www.megevesttropez.com\/en\/wp-json\/wp\/v2\/comments?post=1120"}],"version-history":[{"count":2,"href":"http:\/\/www.megevesttropez.com\/en\/wp-json\/wp\/v2\/posts\/1120\/revisions"}],"predecessor-version":[{"id":11366,"href":"http:\/\/www.megevesttropez.com\/en\/wp-json\/wp\/v2\/posts\/1120\/revisions\/11366"}],"wp:featuredmedia":[{"embeddable":true,"href":"http:\/\/www.megevesttropez.com\/en\/wp-json\/wp\/v2\/media\/12178"}],"wp:attachment":[{"href":"http:\/\/www.megevesttropez.com\/en\/wp-json\/wp\/v2\/media?parent=1120"}],"wp:term":[{"taxonomy":"category","embeddable":true,"href":"http:\/\/www.megevesttropez.com\/en\/wp-json\/wp\/v2\/categories?post=1120"},{"taxonomy":"post_tag","embeddable":true,"href":"http:\/\/www.megevesttropez.com\/en\/wp-json\/wp\/v2\/tags?post=1120"}],"curies":[{"name":"wp","href":"https:\/\/api.w.org\/{rel}","templated":true}]}}