{"id":11329,"date":"2023-06-12T20:58:10","date_gmt":"2023-06-12T18:58:10","guid":{"rendered":"http:\/\/www.megevesttropez.com\/?p=11329"},"modified":"2024-08-08T16:15:06","modified_gmt":"2024-08-08T14:15:06","slug":"verifications-et-concours-delegance","status":"publish","type":"post","link":"http:\/\/www.megevesttropez.com\/en\/verifications-et-concours-delegance\/","title":{"rendered":"VERIFICATIONS <\/br>ET CONCOURS D&#8217;ELEGANCE"},"content":{"rendered":"<h1>9\u00e8me Rallye Megeve &#8211; Saint-Tropez 2023<\/h1>\r\n<h2><span style=\"color: #666666;\">V\u00e9rifications administratives et Concours d&#8217;El\u00e9gance<\/span><\/h2>\r\n\r\n<img decoding=\"async\" src=\"http:\/\/www.megevesttropez.com\/wp-content\/uploads\/2023\/07\/DSC1695.jpeg\" alt=\"\" width=\"1000\" class=\"alignnone size-large wp-image-10521\" srcset=\"http:\/\/www.megevesttropez.com\/wp-content\/uploads\/2023\/07\/DSC1695.jpeg 1920w, http:\/\/www.megevesttropez.com\/wp-content\/uploads\/2023\/07\/DSC1695-300x109.jpeg 300w, http:\/\/www.megevesttropez.com\/wp-content\/uploads\/2023\/07\/DSC1695-1024x373.jpeg 1024w, http:\/\/www.megevesttropez.com\/wp-content\/uploads\/2023\/07\/DSC1695-768x280.jpeg 768w, http:\/\/www.megevesttropez.com\/wp-content\/uploads\/2023\/07\/DSC1695-1536x560.jpeg 1536w\" sizes=\"(max-width: 1920px) 100vw, 1920px\" \/>\r\n<div class=\"su-spacer\" style=\"height:10px\"><\/div>\r\nAujourd&#8217;hui lundi 12 juin, veille du d\u00e9part de la 9\u00e8me \u00e9dition du Rallye Meg\u00e8ve &#8211; Saint-Tropez, se d\u00e9roulait la traditionnelle journ\u00e9e de v\u00e9rifications administratives, au Palais des Sports de Meg\u00e8ve. \r\n<div class=\"su-spacer\" style=\"height:10px\"><\/div>\r\n<img decoding=\"async\" src=\"http:\/\/www.megevesttropez.com\/wp-content\/uploads\/2023\/07\/DSC_9631.jpeg\" alt=\"\" width=\"1000\"  class=\"alignnone size-large wp-image-10526\" srcset=\"http:\/\/www.megevesttropez.com\/wp-content\/uploads\/2023\/07\/DSC_9631.jpeg 1920w, http:\/\/www.megevesttropez.com\/wp-content\/uploads\/2023\/07\/DSC_9631-300x109.jpeg 300w, http:\/\/www.megevesttropez.com\/wp-content\/uploads\/2023\/07\/DSC_9631-1024x373.jpeg 1024w, http:\/\/www.megevesttropez.com\/wp-content\/uploads\/2023\/07\/DSC_9631-768x280.jpeg 768w, http:\/\/www.megevesttropez.com\/wp-content\/uploads\/2023\/07\/DSC_9631-1536x560.jpeg 1536w\" sizes=\"(max-width: 1920px) 100vw, 1920px\" \/>\r\n<div class=\"su-spacer\" style=\"height:10px\"><\/div>\r\nUne fois les voitures habill\u00e9es aux couleurs du rallye et apr\u00e8s le briefing g\u00e9n\u00e9ral de Cyril Neveu, les concurrents se sont rendus \u00e0 l&#8217;Altiport de Meg\u00e8ve, o\u00f9 nous organisions un Concours d\u2019El\u00e9gance.\r\n<div class=\"su-spacer\" style=\"height:10px\"><\/div>\r\n<img decoding=\"async\" src=\"http:\/\/www.megevesttropez.com\/wp-content\/uploads\/2023\/07\/DSC_9703.jpeg\" alt=\"\" width=\"1000\" class=\"alignnone size-large wp-image-10527\" srcset=\"http:\/\/www.megevesttropez.com\/wp-content\/uploads\/2023\/07\/DSC_9703.jpeg 1920w, http:\/\/www.megevesttropez.com\/wp-content\/uploads\/2023\/07\/DSC_9703-300x109.jpeg 300w, http:\/\/www.megevesttropez.com\/wp-content\/uploads\/2023\/07\/DSC_9703-1024x373.jpeg 1024w, http:\/\/www.megevesttropez.com\/wp-content\/uploads\/2023\/07\/DSC_9703-768x280.jpeg 768w, http:\/\/www.megevesttropez.com\/wp-content\/uploads\/2023\/07\/DSC_9703-1536x560.jpeg 1536w\" sizes=\"(max-width: 1920px) 100vw, 1920px\" \/>\r\n<div class=\"su-spacer\" style=\"height:10px\"><\/div>\r\nChaque \u00e9quipage devait alors se pr\u00e9senter au jury, bien sur accompagn\u00e9s de leurs voiture, de leur plus beaux apparats et d\u2019un accessoire impos\u00e9 par l\u2019organisation : un chapeau. Un exceptionnel moment de convivialit\u00e9 !\r\n<div class=\"su-spacer\" style=\"height:10px\"><\/div>\r\n<img decoding=\"async\" src=\"http:\/\/www.megevesttropez.com\/wp-content\/uploads\/2023\/07\/DSC1496.jpeg\" alt=\"\" width=\"1000\"  class=\"alignnone size-large wp-image-10530\" srcset=\"http:\/\/www.megevesttropez.com\/wp-content\/uploads\/2023\/07\/DSC1496.jpeg 1920w, http:\/\/www.megevesttropez.com\/wp-content\/uploads\/2023\/07\/DSC1496-300x109.jpeg 300w, http:\/\/www.megevesttropez.com\/wp-content\/uploads\/2023\/07\/DSC1496-1024x373.jpeg 1024w, http:\/\/www.megevesttropez.com\/wp-content\/uploads\/2023\/07\/DSC1496-768x280.jpeg 768w, http:\/\/www.megevesttropez.com\/wp-content\/uploads\/2023\/07\/DSC1496-1536x560.jpeg 1536w\" sizes=\"(max-width: 1920px) 100vw, 1920px\" \/>\r\n<div class=\"su-spacer\" style=\"height:10px\"><\/div>\r\nLes \u00e9quipages sont maintenant pr\u00eats \u00e0 affronter les 3 \u00e9tapes, 900km, et la quinzaine de cols de cette \u00e9dition 2023 du Rallye Meg\u00e8ve &#8211; St-Tropez dont le d\u00e9part sera donn\u00e9 demain matin \u00e0 9h30, afin de relier Meg\u00e8ve \u00e0 Courmayeur.\r\n<div class=\"su-spacer\" style=\"height:10px\"><\/div>\r\n<img decoding=\"async\" src=\"http:\/\/www.megevesttropez.com\/wp-content\/uploads\/2023\/07\/DSC_9624.jpeg\" alt=\"\" width=\"1000\"  class=\"alignnone size-large wp-image-10536\" srcset=\"http:\/\/www.megevesttropez.com\/wp-content\/uploads\/2023\/07\/DSC_9624.jpeg 1920w, http:\/\/www.megevesttropez.com\/wp-content\/uploads\/2023\/07\/DSC_9624-300x109.jpeg 300w, http:\/\/www.megevesttropez.com\/wp-content\/uploads\/2023\/07\/DSC_9624-1024x373.jpeg 1024w, http:\/\/www.megevesttropez.com\/wp-content\/uploads\/2023\/07\/DSC_9624-768x280.jpeg 768w, http:\/\/www.megevesttropez.com\/wp-content\/uploads\/2023\/07\/DSC_9624-1536x560.jpeg 1536w\" sizes=\"(max-width: 1920px) 100vw, 1920px\" \/>\r\n<div class=\"su-spacer\" style=\"height:10px\"><\/div>","protected":false},"excerpt":{"rendered":"<p>9\u00e8me Rallye Megeve &#8211; Saint-Tropez 2023 V\u00e9rifications administratives et Concours d&#8217;El\u00e9gance Aujourd&#8217;hui lundi 12 juin, veille du d\u00e9part de la 9\u00e8me \u00e9dition du Rallye Meg\u00e8ve &#8211; Saint-Tropez, se d\u00e9roulait la traditionnelle journ\u00e9e de v\u00e9rifications administratives, au Palais des Sports de Meg\u00e8ve. Une fois les voitures habill\u00e9es aux couleurs du rallye et apr\u00e8s le briefing g\u00e9n\u00e9ral [&hellip;]<\/p>\n","protected":false},"author":4,"featured_media":10316,"comment_status":"closed","ping_status":"closed","sticky":false,"template":"","format":"standard","meta":{"footnotes":""},"categories":[67,95,4],"tags":[],"class_list":{"0":"post-11329","1":"post","2":"type-post","3":"status-publish","4":"format-standard","5":"has-post-thumbnail","6":"hentry","7":"category-67","8":"category-9eme-edition","9":"category-actualites","11":"post-with-thumbnail","12":"post-with-thumbnail-large"},"translation":{"provider":"WPGlobus","version":"3.0.2","language":"en","enabled_languages":["fr","en"],"languages":{"fr":{"title":true,"content":true,"excerpt":false},"en":{"title":false,"content":false,"excerpt":false}}},"_links":{"self":[{"href":"http:\/\/www.megevesttropez.com\/en\/wp-json\/wp\/v2\/posts\/11329","targetHints":{"allow":["GET"]}}],"collection":[{"href":"http:\/\/www.megevesttropez.com\/en\/wp-json\/wp\/v2\/posts"}],"about":[{"href":"http:\/\/www.megevesttropez.com\/en\/wp-json\/wp\/v2\/types\/post"}],"author":[{"embeddable":true,"href":"http:\/\/www.megevesttropez.com\/en\/wp-json\/wp\/v2\/users\/4"}],"replies":[{"embeddable":true,"href":"http:\/\/www.megevesttropez.com\/en\/wp-json\/wp\/v2\/comments?post=11329"}],"version-history":[{"count":14,"href":"http:\/\/www.megevesttropez.com\/en\/wp-json\/wp\/v2\/posts\/11329\/revisions"}],"predecessor-version":[{"id":11355,"href":"http:\/\/www.megevesttropez.com\/en\/wp-json\/wp\/v2\/posts\/11329\/revisions\/11355"}],"wp:featuredmedia":[{"embeddable":true,"href":"http:\/\/www.megevesttropez.com\/en\/wp-json\/wp\/v2\/media\/10316"}],"wp:attachment":[{"href":"http:\/\/www.megevesttropez.com\/en\/wp-json\/wp\/v2\/media?parent=11329"}],"wp:term":[{"taxonomy":"category","embeddable":true,"href":"http:\/\/www.megevesttropez.com\/en\/wp-json\/wp\/v2\/categories?post=11329"},{"taxonomy":"post_tag","embeddable":true,"href":"http:\/\/www.megevesttropez.com\/en\/wp-json\/wp\/v2\/tags?post=11329"}],"curies":[{"name":"wp","href":"https:\/\/api.w.org\/{rel}","templated":true}]}}