{"id":11343,"date":"2023-06-13T20:25:18","date_gmt":"2023-06-13T18:25:18","guid":{"rendered":"http:\/\/www.megevesttropez.com\/?p=11343"},"modified":"2024-08-08T16:15:06","modified_gmt":"2024-08-08T14:15:06","slug":"etape-1-megeve-courmayeur","status":"publish","type":"post","link":"http:\/\/www.megevesttropez.com\/en\/etape-1-megeve-courmayeur\/","title":{"rendered":"ETAPE 1 : <\/br>MEGEVE &#8211; COURMAYEUR"},"content":{"rendered":"<h1>9\u00e8me Rallye Megeve &#8211; Saint-Tropez 2023<\/h1>\r\n<h2><span style=\"color: #666666;\">Etape 1 : Meg\u00e8ve &#8211; Courmayeur<\/span><\/h2>\r\n\r\n<img loading=\"lazy\" decoding=\"async\" src=\"http:\/\/www.megevesttropez.com\/wp-content\/uploads\/2023\/07\/DSC2024-300x109.jpeg\" alt=\"\" width=\"300\" height=\"109\" class=\"alignnone size-medium wp-image-10544\" srcset=\"http:\/\/www.megevesttropez.com\/wp-content\/uploads\/2023\/07\/DSC2024-300x109.jpeg 300w, http:\/\/www.megevesttropez.com\/wp-content\/uploads\/2023\/07\/DSC2024-1024x373.jpeg 1024w, http:\/\/www.megevesttropez.com\/wp-content\/uploads\/2023\/07\/DSC2024-768x280.jpeg 768w, http:\/\/www.megevesttropez.com\/wp-content\/uploads\/2023\/07\/DSC2024-1536x560.jpeg 1536w, http:\/\/www.megevesttropez.com\/wp-content\/uploads\/2023\/07\/DSC2024.jpeg 1920w\" sizes=\"auto, (max-width: 300px) 100vw, 300px\" \/>\r\n<div class=\"su-spacer\" style=\"height:10px\"><\/div>\r\nAu d\u00e9part de Meg\u00e8ve le rallye pris ce matin la direction de Courmayeur en parcourant un itin\u00e9raire exceptionnel. Nous avions \u00e0 franchir, tout d\u2019abord, le tr\u00e8s escarp\u00e9 Col de l\u2019Arpettaz, nouveau venu parmi les cols \u00e0 escalader, puis le col de la Croix-Fry o\u00f9 \u00e9tait organis\u00e9 le premier CP du rallye. \r\n<div class=\"su-spacer\" style=\"height:10px\"><\/div>\r\n<img loading=\"lazy\" decoding=\"async\" src=\"http:\/\/www.megevesttropez.com\/wp-content\/uploads\/2023\/07\/DSC_0108-300x109.jpeg\" alt=\"\" width=\"300\" height=\"109\" class=\"alignnone size-medium wp-image-10547\" srcset=\"http:\/\/www.megevesttropez.com\/wp-content\/uploads\/2023\/07\/DSC_0108-300x109.jpeg 300w, http:\/\/www.megevesttropez.com\/wp-content\/uploads\/2023\/07\/DSC_0108-1024x373.jpeg 1024w, http:\/\/www.megevesttropez.com\/wp-content\/uploads\/2023\/07\/DSC_0108-768x280.jpeg 768w, http:\/\/www.megevesttropez.com\/wp-content\/uploads\/2023\/07\/DSC_0108-1536x560.jpeg 1536w, http:\/\/www.megevesttropez.com\/wp-content\/uploads\/2023\/07\/DSC_0108.jpeg 1920w\" sizes=\"auto, (max-width: 300px) 100vw, 300px\" \/>\r\n<div class=\"su-spacer\" style=\"height:10px\"><\/div>\r\nUne fois arriv\u00e9s non loin de La Clusaz, il fallut rejoindre le Col des Aravis o\u00f9 \u00e9tait organis\u00e9 le d\u00e9jeuner avec vue sur le Mont-Blanc.\r\nDurant l&#8217;apr\u00e8s-midi, la route se dirigeait alors vers le barrage de Roselend via le Col des Saisies, pour un nouveau CP, puis pour franchir le Col du Pr\u00e9 et ses nombreuses \u00e9pingles \u00e0 cheveux. \r\n<div class=\"su-spacer\" style=\"height:10px\"><\/div>\r\n<img loading=\"lazy\" decoding=\"async\" src=\"http:\/\/www.megevesttropez.com\/wp-content\/uploads\/2023\/07\/DSC_0122-300x109.jpeg\" alt=\"\" width=\"300\" height=\"109\" class=\"alignnone size-medium wp-image-10548\" srcset=\"http:\/\/www.megevesttropez.com\/wp-content\/uploads\/2023\/07\/DSC_0122-300x109.jpeg 300w, http:\/\/www.megevesttropez.com\/wp-content\/uploads\/2023\/07\/DSC_0122-1024x373.jpeg 1024w, http:\/\/www.megevesttropez.com\/wp-content\/uploads\/2023\/07\/DSC_0122-768x280.jpeg 768w, http:\/\/www.megevesttropez.com\/wp-content\/uploads\/2023\/07\/DSC_0122-1536x560.jpeg 1536w, http:\/\/www.megevesttropez.com\/wp-content\/uploads\/2023\/07\/DSC_0122.jpeg 1920w\" sizes=\"auto, (max-width: 300px) 100vw, 300px\" \/>\r\n<div class=\"su-spacer\" style=\"height:10px\"><\/div>\r\nLe Cormet de Roselend \u00e9tant malheureusement toujours ferm\u00e9 cette ann\u00e9e, le parcours atteignait la vall\u00e9e de la Tarentaise par la grande route jusqu\u2019\u00e0 Bourg Saint-Maurice maquant le d\u00e9but de l\u2019ascension du col du Petit Saint-Bernard pour un rendez-vous avec les murs de neige.\r\n<div class=\"su-spacer\" style=\"height:10px\"><\/div>\r\n<img loading=\"lazy\" decoding=\"async\" src=\"http:\/\/www.megevesttropez.com\/wp-content\/uploads\/2023\/07\/DSC_0187-300x109.jpeg\" alt=\"\" width=\"300\" height=\"109\" class=\"alignnone size-medium wp-image-10549\" srcset=\"http:\/\/www.megevesttropez.com\/wp-content\/uploads\/2023\/07\/DSC_0187-300x109.jpeg 300w, http:\/\/www.megevesttropez.com\/wp-content\/uploads\/2023\/07\/DSC_0187-1024x373.jpeg 1024w, http:\/\/www.megevesttropez.com\/wp-content\/uploads\/2023\/07\/DSC_0187-768x280.jpeg 768w, http:\/\/www.megevesttropez.com\/wp-content\/uploads\/2023\/07\/DSC_0187-1536x560.jpeg 1536w, http:\/\/www.megevesttropez.com\/wp-content\/uploads\/2023\/07\/DSC_0187.jpeg 1920w\" sizes=\"auto, (max-width: 300px) 100vw, 300px\" \/>\r\n<div class=\"su-spacer\" style=\"height:10px\"><\/div>\r\nIl fallut ensuite passer en Italie et descendre vers Courmayeur, LA nouvelle destination de cette 9\u00e8me \u00e9dition, qui nous accueille par la soir\u00e9e et la nuit, avec une vue imprenable sur le versant Est du Mont-Blanc.\r\n<div class=\"su-spacer\" style=\"height:10px\"><\/div>\r\n<img loading=\"lazy\" decoding=\"async\" src=\"http:\/\/www.megevesttropez.com\/wp-content\/uploads\/2023\/07\/DSC2053-300x109.jpeg\" alt=\"\" width=\"300\" height=\"109\" class=\"alignnone size-medium wp-image-10545\" srcset=\"http:\/\/www.megevesttropez.com\/wp-content\/uploads\/2023\/07\/DSC2053-300x109.jpeg 300w, http:\/\/www.megevesttropez.com\/wp-content\/uploads\/2023\/07\/DSC2053-1024x373.jpeg 1024w, http:\/\/www.megevesttropez.com\/wp-content\/uploads\/2023\/07\/DSC2053-768x280.jpeg 768w, http:\/\/www.megevesttropez.com\/wp-content\/uploads\/2023\/07\/DSC2053-1536x560.jpeg 1536w, http:\/\/www.megevesttropez.com\/wp-content\/uploads\/2023\/07\/DSC2053.jpeg 1920w\" sizes=\"auto, (max-width: 300px) 100vw, 300px\" \/>\r\n<div class=\"su-spacer\" style=\"height:10px\"><\/div>","protected":false},"excerpt":{"rendered":"<p>9\u00e8me Rallye Megeve &#8211; Saint-Tropez 2023 Etape 1 : Meg\u00e8ve &#8211; Courmayeur Au d\u00e9part de Meg\u00e8ve le rallye pris ce matin la direction de Courmayeur en parcourant un itin\u00e9raire exceptionnel. Nous avions \u00e0 franchir, tout d\u2019abord, le tr\u00e8s escarp\u00e9 Col de l\u2019Arpettaz, nouveau venu parmi les cols \u00e0 escalader, puis le col de la Croix-Fry [&hellip;]<\/p>\n","protected":false},"author":4,"featured_media":10300,"comment_status":"closed","ping_status":"closed","sticky":false,"template":"","format":"standard","meta":{"footnotes":""},"categories":[67,95,4],"tags":[],"class_list":{"0":"post-11343","1":"post","2":"type-post","3":"status-publish","4":"format-standard","5":"has-post-thumbnail","6":"hentry","7":"category-67","8":"category-9eme-edition","9":"category-actualites","11":"post-with-thumbnail","12":"post-with-thumbnail-large"},"translation":{"provider":"WPGlobus","version":"3.0.2","language":"en","enabled_languages":["fr","en"],"languages":{"fr":{"title":true,"content":true,"excerpt":false},"en":{"title":false,"content":false,"excerpt":false}}},"_links":{"self":[{"href":"http:\/\/www.megevesttropez.com\/en\/wp-json\/wp\/v2\/posts\/11343","targetHints":{"allow":["GET"]}}],"collection":[{"href":"http:\/\/www.megevesttropez.com\/en\/wp-json\/wp\/v2\/posts"}],"about":[{"href":"http:\/\/www.megevesttropez.com\/en\/wp-json\/wp\/v2\/types\/post"}],"author":[{"embeddable":true,"href":"http:\/\/www.megevesttropez.com\/en\/wp-json\/wp\/v2\/users\/4"}],"replies":[{"embeddable":true,"href":"http:\/\/www.megevesttropez.com\/en\/wp-json\/wp\/v2\/comments?post=11343"}],"version-history":[{"count":2,"href":"http:\/\/www.megevesttropez.com\/en\/wp-json\/wp\/v2\/posts\/11343\/revisions"}],"predecessor-version":[{"id":11354,"href":"http:\/\/www.megevesttropez.com\/en\/wp-json\/wp\/v2\/posts\/11343\/revisions\/11354"}],"wp:featuredmedia":[{"embeddable":true,"href":"http:\/\/www.megevesttropez.com\/en\/wp-json\/wp\/v2\/media\/10300"}],"wp:attachment":[{"href":"http:\/\/www.megevesttropez.com\/en\/wp-json\/wp\/v2\/media?parent=11343"}],"wp:term":[{"taxonomy":"category","embeddable":true,"href":"http:\/\/www.megevesttropez.com\/en\/wp-json\/wp\/v2\/categories?post=11343"},{"taxonomy":"post_tag","embeddable":true,"href":"http:\/\/www.megevesttropez.com\/en\/wp-json\/wp\/v2\/tags?post=11343"}],"curies":[{"name":"wp","href":"https:\/\/api.w.org\/{rel}","templated":true}]}}