{"id":11345,"date":"2023-06-14T20:26:06","date_gmt":"2023-06-14T18:26:06","guid":{"rendered":"http:\/\/www.megevesttropez.com\/?p=11345"},"modified":"2024-08-08T16:15:06","modified_gmt":"2024-08-08T14:15:06","slug":"etape-2-courmayeur-serre-chevalier","status":"publish","type":"post","link":"http:\/\/www.megevesttropez.com\/en\/etape-2-courmayeur-serre-chevalier\/","title":{"rendered":"ETAPE 2 : <\/br>COURMAYEUR &#8211; SERRE CHEVALIER"},"content":{"rendered":"<h1>9\u00e8me Rallye Megeve &#8211; Saint-Tropez 2023<\/h1>\r\n<h2><span style=\"color: #666666;\">Etape 2 : Courmayeur &#8211; Serre Chevalier<\/span><\/h2>\r\n\r\n<img decoding=\"async\" src=\"http:\/\/www.megevesttropez.com\/wp-content\/uploads\/2023\/07\/DSC_0303-300x109.jpeg\" alt=\"\" width=\"1000\" class=\"alignnone size-medium wp-image-10551\" srcset=\"http:\/\/www.megevesttropez.com\/wp-content\/uploads\/2023\/07\/DSC_0303-300x109.jpeg 300w, http:\/\/www.megevesttropez.com\/wp-content\/uploads\/2023\/07\/DSC_0303-1024x373.jpeg 1024w, http:\/\/www.megevesttropez.com\/wp-content\/uploads\/2023\/07\/DSC_0303-768x280.jpeg 768w, http:\/\/www.megevesttropez.com\/wp-content\/uploads\/2023\/07\/DSC_0303-1536x560.jpeg 1536w, http:\/\/www.megevesttropez.com\/wp-content\/uploads\/2023\/07\/DSC_0303.jpeg 1920w\" sizes=\"(max-width: 300px) 100vw, 300px\" \/>\r\n<div class=\"su-spacer\" style=\"height:10px\"><\/div>\r\nDepuis Courmayeur, pour la deuxi\u00e8me \u00e9tape, il aura fallut parcourir \u00e0 nouveau le Col du Petit Saint-Bernard en sens inverse de la veille pour atteindre le premier CP du jour situ\u00e9 au sommet, avant de rejoindre Val d\u2019Is\u00e8re et l\u2019ascension du mythique Col de l\u2019Iseran.\r\n<div class=\"su-spacer\" style=\"height:10px\"><\/div>\r\n<img decoding=\"async\" src=\"http:\/\/www.megevesttropez.com\/wp-content\/uploads\/2023\/07\/DSC_0414-300x109.jpeg\" alt=\"\" width=\"1000\" class=\"alignnone size-medium wp-image-10553\" srcset=\"http:\/\/www.megevesttropez.com\/wp-content\/uploads\/2023\/07\/DSC_0414-300x109.jpeg 300w, http:\/\/www.megevesttropez.com\/wp-content\/uploads\/2023\/07\/DSC_0414-1024x373.jpeg 1024w, http:\/\/www.megevesttropez.com\/wp-content\/uploads\/2023\/07\/DSC_0414-768x280.jpeg 768w, http:\/\/www.megevesttropez.com\/wp-content\/uploads\/2023\/07\/DSC_0414-1536x560.jpeg 1536w, http:\/\/www.megevesttropez.com\/wp-content\/uploads\/2023\/07\/DSC_0414.jpeg 1920w\" sizes=\"(max-width: 300px) 100vw, 300px\" \/>\r\n<div class=\"su-spacer\" style=\"height:10px\"><\/div>\r\nUne fois ce g\u00e9ant franchi, o\u00f9 nous attendaient d&#8217;impressionnants murs de neige, la descendre dans la vall\u00e9e de la Maurienne permettait d&#8217;atteindre Modane et le Fort Redoute Marie-Th\u00e9r\u00e8se o\u00f9 se tenait le d\u00e9jeuner, au coeur d\u2019une forteresse moyen\u00e2geuse, empreinte du pass\u00e9 glorieux de la r\u00e9gion.  \r\n<div class=\"su-spacer\" style=\"height:10px\"><\/div>\r\n<img decoding=\"async\" src=\"http:\/\/www.megevesttropez.com\/wp-content\/uploads\/2023\/07\/DSC_0462-300x109.jpeg\" alt=\"\" width=\"1000\" class=\"alignnone size-medium wp-image-10555\" srcset=\"http:\/\/www.megevesttropez.com\/wp-content\/uploads\/2023\/07\/DSC_0462-300x109.jpeg 300w, http:\/\/www.megevesttropez.com\/wp-content\/uploads\/2023\/07\/DSC_0462-1024x373.jpeg 1024w, http:\/\/www.megevesttropez.com\/wp-content\/uploads\/2023\/07\/DSC_0462-768x280.jpeg 768w, http:\/\/www.megevesttropez.com\/wp-content\/uploads\/2023\/07\/DSC_0462-1536x560.jpeg 1536w, http:\/\/www.megevesttropez.com\/wp-content\/uploads\/2023\/07\/DSC_0462.jpeg 1920w\" sizes=\"(max-width: 300px) 100vw, 300px\" \/>\r\n<div class=\"su-spacer\" style=\"height:10px\"><\/div>\r\nUn parcours d\u2019exception attendait ensuite les participants, avec au programme, le col du T\u00e9l\u00e9graphe, le col du Galibier puis le col du Lautaret en direction de Serre Chevalier, terme de cette \u00e9tape au tr\u00e8s fort d\u00e9nivel\u00e9, disput\u00e9e sous un soleil radieux.\r\n<div class=\"su-spacer\" style=\"height:10px\"><\/div>\r\n<img decoding=\"async\" src=\"http:\/\/www.megevesttropez.com\/wp-content\/uploads\/2023\/07\/DSC_0521-300x109.jpeg\" alt=\"\" width=\"1000\" class=\"alignnone size-medium wp-image-10557\" srcset=\"http:\/\/www.megevesttropez.com\/wp-content\/uploads\/2023\/07\/DSC_0521-300x109.jpeg 300w, http:\/\/www.megevesttropez.com\/wp-content\/uploads\/2023\/07\/DSC_0521-1024x373.jpeg 1024w, http:\/\/www.megevesttropez.com\/wp-content\/uploads\/2023\/07\/DSC_0521-768x280.jpeg 768w, http:\/\/www.megevesttropez.com\/wp-content\/uploads\/2023\/07\/DSC_0521-1536x560.jpeg 1536w, http:\/\/www.megevesttropez.com\/wp-content\/uploads\/2023\/07\/DSC_0521.jpeg 1920w\" sizes=\"(max-width: 300px) 100vw, 300px\" \/>\r\n<div class=\"su-spacer\" style=\"height:10px\"><\/div>\r\nLe Grand H\u00f4tel nous accueille ce soir pour un repos bien m\u00e9rit\u00e9 avant l\u2019ultime \u00e9tape qui nous m\u00e8nera demain sur la c\u00f4te m\u00e9diterran\u00e9enne, \u00e0 Saint-Tropez, pour l\u2019arriv\u00e9e finale jug\u00e9e, comme de coutume, sur la place des Lices.\r\n<div class=\"su-spacer\" style=\"height:10px\"><\/div>\r\n<img decoding=\"async\" src=\"http:\/\/www.megevesttropez.com\/wp-content\/uploads\/2023\/07\/DSC_0769-300x109.jpeg\" alt=\"\" width=\"1000\" class=\"alignnone size-medium wp-image-10559\" srcset=\"http:\/\/www.megevesttropez.com\/wp-content\/uploads\/2023\/07\/DSC_0769-300x109.jpeg 300w, http:\/\/www.megevesttropez.com\/wp-content\/uploads\/2023\/07\/DSC_0769-1024x373.jpeg 1024w, http:\/\/www.megevesttropez.com\/wp-content\/uploads\/2023\/07\/DSC_0769-768x280.jpeg 768w, http:\/\/www.megevesttropez.com\/wp-content\/uploads\/2023\/07\/DSC_0769-1536x560.jpeg 1536w, http:\/\/www.megevesttropez.com\/wp-content\/uploads\/2023\/07\/DSC_0769.jpeg 1920w\" sizes=\"(max-width: 300px) 100vw, 300px\" \/>\r\n<div class=\"su-spacer\" style=\"height:10px\"><\/div>","protected":false},"excerpt":{"rendered":"<p>9\u00e8me Rallye Megeve &#8211; Saint-Tropez 2023 Etape 2 : Courmayeur &#8211; Serre Chevalier Depuis Courmayeur, pour la deuxi\u00e8me \u00e9tape, il aura fallut parcourir \u00e0 nouveau le Col du Petit Saint-Bernard en sens inverse de la veille pour atteindre le premier CP du jour situ\u00e9 au sommet, avant de rejoindre Val d\u2019Is\u00e8re et l\u2019ascension du mythique [&hellip;]<\/p>\n","protected":false},"author":4,"featured_media":10326,"comment_status":"closed","ping_status":"closed","sticky":false,"template":"","format":"standard","meta":{"footnotes":""},"categories":[67,95,4],"tags":[],"class_list":{"0":"post-11345","1":"post","2":"type-post","3":"status-publish","4":"format-standard","5":"has-post-thumbnail","6":"hentry","7":"category-67","8":"category-9eme-edition","9":"category-actualites","11":"post-with-thumbnail","12":"post-with-thumbnail-large"},"translation":{"provider":"WPGlobus","version":"3.0.2","language":"en","enabled_languages":["fr","en"],"languages":{"fr":{"title":true,"content":true,"excerpt":false},"en":{"title":false,"content":false,"excerpt":false}}},"_links":{"self":[{"href":"http:\/\/www.megevesttropez.com\/en\/wp-json\/wp\/v2\/posts\/11345","targetHints":{"allow":["GET"]}}],"collection":[{"href":"http:\/\/www.megevesttropez.com\/en\/wp-json\/wp\/v2\/posts"}],"about":[{"href":"http:\/\/www.megevesttropez.com\/en\/wp-json\/wp\/v2\/types\/post"}],"author":[{"embeddable":true,"href":"http:\/\/www.megevesttropez.com\/en\/wp-json\/wp\/v2\/users\/4"}],"replies":[{"embeddable":true,"href":"http:\/\/www.megevesttropez.com\/en\/wp-json\/wp\/v2\/comments?post=11345"}],"version-history":[{"count":3,"href":"http:\/\/www.megevesttropez.com\/en\/wp-json\/wp\/v2\/posts\/11345\/revisions"}],"predecessor-version":[{"id":11353,"href":"http:\/\/www.megevesttropez.com\/en\/wp-json\/wp\/v2\/posts\/11345\/revisions\/11353"}],"wp:featuredmedia":[{"embeddable":true,"href":"http:\/\/www.megevesttropez.com\/en\/wp-json\/wp\/v2\/media\/10326"}],"wp:attachment":[{"href":"http:\/\/www.megevesttropez.com\/en\/wp-json\/wp\/v2\/media?parent=11345"}],"wp:term":[{"taxonomy":"category","embeddable":true,"href":"http:\/\/www.megevesttropez.com\/en\/wp-json\/wp\/v2\/categories?post=11345"},{"taxonomy":"post_tag","embeddable":true,"href":"http:\/\/www.megevesttropez.com\/en\/wp-json\/wp\/v2\/tags?post=11345"}],"curies":[{"name":"wp","href":"https:\/\/api.w.org\/{rel}","templated":true}]}}