{"id":11347,"date":"2023-06-15T20:29:48","date_gmt":"2023-06-15T18:29:48","guid":{"rendered":"http:\/\/www.megevesttropez.com\/?p=11347"},"modified":"2024-08-08T16:15:06","modified_gmt":"2024-08-08T14:15:06","slug":"etape-3-serre-chevalier-saint-tropez-2","status":"publish","type":"post","link":"http:\/\/www.megevesttropez.com\/en\/etape-3-serre-chevalier-saint-tropez-2\/","title":{"rendered":"ETAPE 3 : <\/br>SERRE CHEVALIER &#8211; SAINT-TROPEZ"},"content":{"rendered":"<h1>9\u00e8me Rallye Megeve &#8211; Saint-Tropez 2023<\/h1>\r\n<h2><span style=\"color: #666666;\">Etape 3 : Serre Chevalier &#8211; Saint-tropez<\/span><\/h2>\r\n\r\n<img decoding=\"async\" src=\"http:\/\/www.megevesttropez.com\/wp-content\/uploads\/2023\/07\/DSC_0850-copy-300x109.jpeg\" alt=\"\" width=\"1000\" class=\"alignnone size-medium wp-image-10560\" srcset=\"http:\/\/www.megevesttropez.com\/wp-content\/uploads\/2023\/07\/DSC_0850-copy-300x109.jpeg 300w, http:\/\/www.megevesttropez.com\/wp-content\/uploads\/2023\/07\/DSC_0850-copy-1024x373.jpeg 1024w, http:\/\/www.megevesttropez.com\/wp-content\/uploads\/2023\/07\/DSC_0850-copy-768x280.jpeg 768w, http:\/\/www.megevesttropez.com\/wp-content\/uploads\/2023\/07\/DSC_0850-copy-1536x560.jpeg 1536w, http:\/\/www.megevesttropez.com\/wp-content\/uploads\/2023\/07\/DSC_0850-copy.jpeg 1920w\" sizes=\"(max-width: 300px) 100vw, 300px\" \/>\r\n<div class=\"su-spacer\" style=\"height:10px\"><\/div>\r\nDepuis Serre Chevalier, pour la troisi\u00e8me et derni\u00e8re \u00e9tape, nous avions \u00e0 escalader l\u2019Izoard pour atteindre Guillestre et entamer l\u2019ascension du Col de Vars o\u00f9 se tenait le dernier CP du rallye et une ultime occasion de bien figurer au classement g\u00e9n\u00e9ral de l\u2019\u00e9preuve.\r\n<div class=\"su-spacer\" style=\"height:10px\"><\/div>\r\n<img decoding=\"async\" src=\"http:\/\/www.megevesttropez.com\/wp-content\/uploads\/2023\/07\/DSC_0969-300x109.jpeg\" alt=\"\" width=\"1000\" class=\"alignnone size-medium wp-image-10561\" srcset=\"http:\/\/www.megevesttropez.com\/wp-content\/uploads\/2023\/07\/DSC_0969-300x109.jpeg 300w, http:\/\/www.megevesttropez.com\/wp-content\/uploads\/2023\/07\/DSC_0969-1024x373.jpeg 1024w, http:\/\/www.megevesttropez.com\/wp-content\/uploads\/2023\/07\/DSC_0969-768x280.jpeg 768w, http:\/\/www.megevesttropez.com\/wp-content\/uploads\/2023\/07\/DSC_0969-1536x560.jpeg 1536w, http:\/\/www.megevesttropez.com\/wp-content\/uploads\/2023\/07\/DSC_0969.jpeg 1920w\" sizes=\"(max-width: 300px) 100vw, 300px\" \/>\r\n<div class=\"su-spacer\" style=\"height:10px\"><\/div>\r\nBarcelonnette marquait ensuite notre point d\u2019entr\u00e9e dans le sud de la France avec l\u2019ascension du Col d\u2019Allos, une nouveaut\u00e9 du parcours 2023, o\u00f9 les concurrents auront eu loisir de profiter d\u2019un Pique-Nique organis\u00e9 en bord de route et proposant les produits Petrossian \u00e0 la d\u00e9gustation. \r\n<div class=\"su-spacer\" style=\"height:10px\"><\/div>\r\n<img decoding=\"async\" src=\"http:\/\/www.megevesttropez.com\/wp-content\/uploads\/2023\/07\/DSC_9824-300x109.jpeg\" alt=\"\" width=\"1000\" class=\"alignnone size-medium wp-image-10565\" srcset=\"http:\/\/www.megevesttropez.com\/wp-content\/uploads\/2023\/07\/DSC_9824-300x109.jpeg 300w, http:\/\/www.megevesttropez.com\/wp-content\/uploads\/2023\/07\/DSC_9824-1024x373.jpeg 1024w, http:\/\/www.megevesttropez.com\/wp-content\/uploads\/2023\/07\/DSC_9824-768x280.jpeg 768w, http:\/\/www.megevesttropez.com\/wp-content\/uploads\/2023\/07\/DSC_9824-1536x560.jpeg 1536w, http:\/\/www.megevesttropez.com\/wp-content\/uploads\/2023\/07\/DSC_9824.jpeg 1920w\" sizes=\"(max-width: 300px) 100vw, 300px\" \/>\r\n<div class=\"su-spacer\" style=\"height:10px\"><\/div>\r\nLa journ\u00e9e n&#8217;\u00e9tait cependant pas termin\u00e9e car il aura fallu descendre dans la vall\u00e9e creus\u00e9e par le Verdon jusqu\u2019au lac du Castillon et son bleu azur \u00e9tonnant. \r\n<div class=\"su-spacer\" style=\"height:10px\"><\/div>\r\n<img decoding=\"async\" src=\"http:\/\/www.megevesttropez.com\/wp-content\/uploads\/2023\/07\/DSC_1012-300x109.jpeg\" alt=\"\" width=\"1000\" class=\"alignnone size-medium wp-image-10562\" srcset=\"http:\/\/www.megevesttropez.com\/wp-content\/uploads\/2023\/07\/DSC_1012-300x109.jpeg 300w, http:\/\/www.megevesttropez.com\/wp-content\/uploads\/2023\/07\/DSC_1012-1024x373.jpeg 1024w, http:\/\/www.megevesttropez.com\/wp-content\/uploads\/2023\/07\/DSC_1012-768x280.jpeg 768w, http:\/\/www.megevesttropez.com\/wp-content\/uploads\/2023\/07\/DSC_1012-1536x560.jpeg 1536w, http:\/\/www.megevesttropez.com\/wp-content\/uploads\/2023\/07\/DSC_1012.jpeg 1920w\" sizes=\"(max-width: 300px) 100vw, 300px\" \/>\r\n<div class=\"su-spacer\" style=\"height:10px\"><\/div>\r\nNous avons ensuite parcouru le camp militaire de Canjuers avant d&#8217;atteindre le regroupement organis\u00e9 au Domaine du Bourrian, avant la traditionnelle arriv\u00e9e triomphante sur le Port de Saint-Tropez et l\u2019arr\u00eat sur la Place des Lices parmi les boulistes.\r\n<div class=\"su-spacer\" style=\"height:10px\"><\/div>\r\n<img decoding=\"async\" src=\"http:\/\/www.megevesttropez.com\/wp-content\/uploads\/2023\/07\/DSC_1058-300x109.jpeg\" alt=\"\" width=\"1000\" class=\"alignnone size-medium wp-image-10563\" srcset=\"http:\/\/www.megevesttropez.com\/wp-content\/uploads\/2023\/07\/DSC_1058-300x109.jpeg 300w, http:\/\/www.megevesttropez.com\/wp-content\/uploads\/2023\/07\/DSC_1058-1024x373.jpeg 1024w, http:\/\/www.megevesttropez.com\/wp-content\/uploads\/2023\/07\/DSC_1058-768x280.jpeg 768w, http:\/\/www.megevesttropez.com\/wp-content\/uploads\/2023\/07\/DSC_1058-1536x560.jpeg 1536w, http:\/\/www.megevesttropez.com\/wp-content\/uploads\/2023\/07\/DSC_1058.jpeg 1920w\" sizes=\"(max-width: 300px) 100vw, 300px\" \/>\r\n<div class=\"su-spacer\" style=\"height:10px\"><\/div>\r\nLa remise des prix et la c\u00e9l\u00e9bration des grands vainqueurs de cette 9\u00e8me \u00e9dition se d\u00e9roule en ce moment m\u00eame \u00e0 la Cabane Bambou, sur la plage de Pampelonne ! Une soir\u00e9e toute blanc v\u00eatue, les pieds dans le sable !","protected":false},"excerpt":{"rendered":"<p>9\u00e8me Rallye Megeve &#8211; Saint-Tropez 2023 Etape 3 : Serre Chevalier &#8211; Saint-tropez Depuis Serre Chevalier, pour la troisi\u00e8me et derni\u00e8re \u00e9tape, nous avions \u00e0 escalader l\u2019Izoard pour atteindre Guillestre et entamer l\u2019ascension du Col de Vars o\u00f9 se tenait le dernier CP du rallye et une ultime occasion de bien figurer au classement g\u00e9n\u00e9ral [&hellip;]<\/p>\n","protected":false},"author":4,"featured_media":10361,"comment_status":"closed","ping_status":"closed","sticky":false,"template":"","format":"standard","meta":{"footnotes":""},"categories":[67,95,4],"tags":[],"class_list":{"0":"post-11347","1":"post","2":"type-post","3":"status-publish","4":"format-standard","5":"has-post-thumbnail","6":"hentry","7":"category-67","8":"category-9eme-edition","9":"category-actualites","11":"post-with-thumbnail","12":"post-with-thumbnail-large"},"translation":{"provider":"WPGlobus","version":"3.0.2","language":"en","enabled_languages":["fr","en"],"languages":{"fr":{"title":true,"content":true,"excerpt":false},"en":{"title":false,"content":false,"excerpt":false}}},"_links":{"self":[{"href":"http:\/\/www.megevesttropez.com\/en\/wp-json\/wp\/v2\/posts\/11347","targetHints":{"allow":["GET"]}}],"collection":[{"href":"http:\/\/www.megevesttropez.com\/en\/wp-json\/wp\/v2\/posts"}],"about":[{"href":"http:\/\/www.megevesttropez.com\/en\/wp-json\/wp\/v2\/types\/post"}],"author":[{"embeddable":true,"href":"http:\/\/www.megevesttropez.com\/en\/wp-json\/wp\/v2\/users\/4"}],"replies":[{"embeddable":true,"href":"http:\/\/www.megevesttropez.com\/en\/wp-json\/wp\/v2\/comments?post=11347"}],"version-history":[{"count":4,"href":"http:\/\/www.megevesttropez.com\/en\/wp-json\/wp\/v2\/posts\/11347\/revisions"}],"predecessor-version":[{"id":11352,"href":"http:\/\/www.megevesttropez.com\/en\/wp-json\/wp\/v2\/posts\/11347\/revisions\/11352"}],"wp:featuredmedia":[{"embeddable":true,"href":"http:\/\/www.megevesttropez.com\/en\/wp-json\/wp\/v2\/media\/10361"}],"wp:attachment":[{"href":"http:\/\/www.megevesttropez.com\/en\/wp-json\/wp\/v2\/media?parent=11347"}],"wp:term":[{"taxonomy":"category","embeddable":true,"href":"http:\/\/www.megevesttropez.com\/en\/wp-json\/wp\/v2\/categories?post=11347"},{"taxonomy":"post_tag","embeddable":true,"href":"http:\/\/www.megevesttropez.com\/en\/wp-json\/wp\/v2\/tags?post=11347"}],"curies":[{"name":"wp","href":"https:\/\/api.w.org\/{rel}","templated":true}]}}