{"id":1484,"date":"2017-06-05T22:58:28","date_gmt":"2017-06-05T20:58:28","guid":{"rendered":"http:\/\/www.megevesttropez.com\/?p=1484"},"modified":"2024-08-08T16:16:44","modified_gmt":"2024-08-08T14:16:44","slug":"lundi-5-juin-prologue","status":"publish","type":"post","link":"http:\/\/www.megevesttropez.com\/en\/lundi-5-juin-prologue\/","title":{"rendered":"CHECKINGS &#038; GYMKHANA \/ 5 JUNE"},"content":{"rendered":"<h2>Lundi 5 juin : prologue<\/h2>\r\n\r\n<a href=\"http:\/\/www.megevesttropez.com\/wp-content\/uploads\/2017\/04\/parcours2017.jpg\" rel=\"attachment wp-att-1322\" data-rel=\"lightbox-image-0\" data-rl_title=\"\" data-rl_caption=\"\" title=\"\"><img loading=\"lazy\" decoding=\"async\" src=\"http:\/\/www.megevesttropez.com\/wp-content\/uploads\/2017\/04\/parcours2017-300x196.jpg\" alt=\"[cml_media_alt id='1322']parcours2017[\/cml_media_alt]\" width=\"300\" height=\"196\" class=\"alignright size-medium wp-image-1322\" \/><\/a>Ce matin commen\u00e7ait la troisi\u00e8me \u00e9dition du Rallye Meg\u00e8ve &#8211; St-Tropez. Les 59 \u00e9quipages inscrits \u00e9taient attendus d\u00e8s 8h \u00e0 Meg\u00e8ve pour effectuer les traditionnelles v\u00e9rifications administratives et techniques et pour proc\u00e9der notamment au stickage des v\u00e9hicules. \r\n<br>\r\nCette ann\u00e9e, le rallye adopte le bleu azur cher \u00e0 La Financi\u00e8re de l\u2019Echiquier pour conduire le Rallye de Meg\u00e8ve \u00e0 Saint-Tropez apr\u00e8s avoir franchi de nombreux cols savoyards, des Alpilles et des Alpes du Sud.\r\n<br><br>\r\nPour les 958 km d&#8217;\u00e9preuves programm\u00e9s sur cette \u00e9dition 2017, les pilotes amateurs et collectionneurs effectueront 3 \u00e9tapes sur route : <br>\r\nEtape 1 : mardi 6 juin (292 km) &#8211; Meg\u00e8ve \u25cf Courchevel \u25cf Alpes d&#8217;Huez <br>\r\nEtape 2 : mercredi 7 juin (350 km) &#8211; Alpes d&#8217;Huez \u25cf Col de Perty \u25cf Baux de Provence <br>\r\nEtape 3 : jeudi 8 juin (316 km) &#8211; Baux de Provence \u25cf Forcalquier \u25cf St-Tropez \r\n<br><br>\r\nUne fois les v\u00e9rifications administratives et techniques effectu\u00e9es \u00e0 Meg\u00e8ve, les autres concurrents ont pu parfaire les derniers d\u00e9tails et avoir des carrosseries impeccables en utilisant les produits Belgom, notre partenaire qui d\u00e9cernera le Prix de l\u2019El\u00e9gance en fin d\u2019\u00e9preuve.\r\n<br>\r\nLes concurrents \u00e9taient ensuite convi\u00e9s Place de la Mairie pour le verre de l\u2019Amiti\u00e9 offert par la ville de Meg\u00e8ve.\r\n<div class=\"su-spacer\" style=\"height:30px\"><\/div>\r\n<h2 style=\"color: #C72F36;\">Premier gymkhana<\/h2>\r\n\r\n<a href=\"http:\/\/www.megevesttropez.com\/wp-content\/uploads\/2017\/06\/MSTZ-20170605-Gal1027.jpg\" rel=\"attachment wp-att-1469\" data-rel=\"lightbox-image-1\" data-rl_title=\"\" data-rl_caption=\"\" title=\"\"><img loading=\"lazy\" decoding=\"async\" src=\"http:\/\/www.megevesttropez.com\/wp-content\/uploads\/2017\/06\/MSTZ-20170605-Gal1027-300x200.jpg\" alt=\"[cml_media_alt id='1469']MSTZ-20170605-Gal1027[\/cml_media_alt]\" width=\"300\" height=\"200\" class=\"alignleft size-medium wp-image-1469\" \/><\/a>A 17h, les 41 Classics et les 18 Prestiges, Cobra, Porsche, Jaguar, Triumph, Ferrari&#8230; s&#8217;\u00e9lan\u00e7aient pour la premi\u00e8re \u00e9preuve du Rallye : un Gymkhana sur l\u2019Altiport de Meg\u00e8ve en guise de prologue \u00e0 cette troisi\u00e8me \u00e9dition ! \r\n<br>\r\nA cet exercice, c&#8217;est l&#8217;\u00e9quipage AVRIL Matthieu &#038; RAIS Alban en Shelby Cobra 427 de 1979 qui prend la main pour la cat\u00e9gorie Classics. Cat\u00e9gorie Prestige, Pascal &#038; Corinne\tGEDON emportent la premi\u00e8re place de cette journ\u00e9e de prologue \u00e0 bord de leur Ferrari California T.\r\n<br>\r\nLes concurrents \u00e9taient ensuite convi\u00e9s \u00e0 la joaillerie Guilhem pour un cocktail offert par les Montres ZRC qui pr\u00e9sentait son mod\u00e8le Grands Fonds aux couleurs du Rallye Megeve &#8211; St-Tropez \u00e0 l\u2019ensemble des participants avant un d\u00eener gastronomique aux Fermes de Marie.\r\n<br><br>\r\nDemain, le d\u00e9part de la premi\u00e8re \u00e9tape sera donn\u00e9 \u00e0 8h30 place de la Mairie \u00e0 Meg\u00e8ve, direction l&#8217;Alpe d&#8217;Huez. \r\n<div class=\"su-spacer\" style=\"height:30px\"><\/div>\r\n<h2 style=\"color: #C72F36;\">Les classements du jour<\/h2>\r\n<table style=\"text-align: left; width: 100%;\" border=\"0\" cellpadding=\"0\" cellspacing=\"0\">\r\n        <tbody>\r\n\r\n          <tr>\r\n            <td style=\"vertical-align: top; font-family: Arial; font-size: 13px;\"><span style=\"font-weight: bold;\">Cat\u00e9gorie  Classics<br \/>\r\n              <\/span><strong>1 \u25cf<\/strong> AVRIL Matthieu &#8211; RAIS Alban (Shelby Cobra 427)<br \/>\r\n              <strong>2 \u25cf<\/strong> LAIN Xavier &#8211; MILLIAS Jer\u00f4me (Porsche 930 Turbo)<br \/>\r\n              <strong>3 \u25cf<\/strong> FANARA Jean-Marc &#038; S\u00e9verine (Morgan)<\/td>\r\n            <td style=\"vertical-align: top; text-align: left; width: 310px; font-size: 13px;\"><span style=\"font-weight: bold;\">Cat\u00e9gorie Prestiges<\/span><br \/>\r\n                <span style=\"vertical-align: top; font-family: Arial; font-size: 13px;\"><strong>1 \u25cf<\/strong> <\/span>GEDON Pascal &#038; Corinne (Ferrari California T)<br \/>\r\n              <span style=\"vertical-align: top; font-family: Arial; font-size: 13px;\"><strong>2 \u25cf<\/strong> DEGENEVE Florian &#038; Laura (Porsche Cayman GT4)<br \/>\r\n                <strong>3 \u25cf<\/strong> LOISEAU Jacques &#8211; JALLON Sylvie (Porsche Boxter)<\/span><\/td>\r\n          <\/tr>\r\n        <\/tbody>\r\n      <\/table>","protected":false},"excerpt":{"rendered":"<p>Lundi 5 juin : prologue Ce matin commen\u00e7ait la troisi\u00e8me \u00e9dition du Rallye Meg\u00e8ve &#8211; St-Tropez. Les 59 \u00e9quipages inscrits \u00e9taient attendus d\u00e8s 8h \u00e0 Meg\u00e8ve pour effectuer les traditionnelles v\u00e9rifications administratives et techniques et pour proc\u00e9der notamment au stickage des v\u00e9hicules. Cette ann\u00e9e, le rallye adopte le bleu azur cher \u00e0 La Financi\u00e8re de [&hellip;]<\/p>\n","protected":false},"author":4,"featured_media":12176,"comment_status":"closed","ping_status":"closed","sticky":false,"template":"","format":"standard","meta":{"footnotes":""},"categories":[73,89,4],"tags":[],"class_list":{"0":"post-1484","1":"post","2":"type-post","3":"status-publish","4":"format-standard","5":"has-post-thumbnail","6":"hentry","7":"category-73","8":"category-3eme-edition","9":"category-actualites","11":"post-with-thumbnail","12":"post-with-thumbnail-large"},"translation":{"provider":"WPGlobus","version":"3.0.2","language":"en","enabled_languages":["fr","en"],"languages":{"fr":{"title":true,"content":true,"excerpt":false},"en":{"title":true,"content":false,"excerpt":false}}},"_links":{"self":[{"href":"http:\/\/www.megevesttropez.com\/en\/wp-json\/wp\/v2\/posts\/1484","targetHints":{"allow":["GET"]}}],"collection":[{"href":"http:\/\/www.megevesttropez.com\/en\/wp-json\/wp\/v2\/posts"}],"about":[{"href":"http:\/\/www.megevesttropez.com\/en\/wp-json\/wp\/v2\/types\/post"}],"author":[{"embeddable":true,"href":"http:\/\/www.megevesttropez.com\/en\/wp-json\/wp\/v2\/users\/4"}],"replies":[{"embeddable":true,"href":"http:\/\/www.megevesttropez.com\/en\/wp-json\/wp\/v2\/comments?post=1484"}],"version-history":[{"count":2,"href":"http:\/\/www.megevesttropez.com\/en\/wp-json\/wp\/v2\/posts\/1484\/revisions"}],"predecessor-version":[{"id":11365,"href":"http:\/\/www.megevesttropez.com\/en\/wp-json\/wp\/v2\/posts\/1484\/revisions\/11365"}],"wp:featuredmedia":[{"embeddable":true,"href":"http:\/\/www.megevesttropez.com\/en\/wp-json\/wp\/v2\/media\/12176"}],"wp:attachment":[{"href":"http:\/\/www.megevesttropez.com\/en\/wp-json\/wp\/v2\/media?parent=1484"}],"wp:term":[{"taxonomy":"category","embeddable":true,"href":"http:\/\/www.megevesttropez.com\/en\/wp-json\/wp\/v2\/categories?post=1484"},{"taxonomy":"post_tag","embeddable":true,"href":"http:\/\/www.megevesttropez.com\/en\/wp-json\/wp\/v2\/tags?post=1484"}],"curies":[{"name":"wp","href":"https:\/\/api.w.org\/{rel}","templated":true}]}}