{"id":2027,"date":"2015-05-26T22:28:56","date_gmt":"2015-05-26T20:28:56","guid":{"rendered":"http:\/\/www.megevesttropez.com\/?p=557"},"modified":"2024-08-08T16:17:13","modified_gmt":"2024-08-08T14:17:13","slug":"la-quotidienne-26-mai-2015-j-1","status":"publish","type":"post","link":"http:\/\/www.megevesttropez.com\/en\/la-quotidienne-26-mai-2015-j-1\/","title":{"rendered":"ADMINISTRATIVE CHECKINGS"},"content":{"rendered":"<h2>La quotidienne : 26 mai 2015, J &#8211; 1 &#8211; Les Alpes en majest\u00e9<\/h2>\r\n\r\nD\u00e9j\u00e0 organisateur du rallye Maroc Classic, Cyril Neveu affiche un large sourire lors des v\u00e9rifications administratives, -sous le soleil exactement-, de la <strong>premi\u00e8re \u00e9dition du Meg\u00e8ve-St-Tropez<\/strong>.\r\n\r\n<div class=\"su-row\"><div class=\"su-column su-column-size-1-2\"><div class=\"su-column-inner su-u-clearfix su-u-trim\">\r\n<div class=\"su-heading su-heading-style-default su-heading-align-left\" id=\"\" style=\"font-size:13px;margin-bottom:10px\"><div class=\"su-heading-inner\"><blockquote>\u00ab\u00a0<em>Ce rallye entend s\u2019inscrire dans la dur\u00e9e comme un grand classique de la saison. Pour avoir longtemps s\u00e9journ\u00e9 \u00e0 Meg\u00e8ve et \u00e0 St-Tropez, relier ces deux villes mythiques, en offrant sur un plateau les plus beaux cols alpins, me tenait \u00e0 c\u0153ur et r\u00e9pondait \u00e0 une demande tr\u00e8s forte des concurrents, toujours \u00e0 l\u2019aff\u00fbt de nouveaut\u00e9s<\/em>\u00a0\u00bb<\/blockquote><\/div><\/div>\r\n<\/div><\/div>\r\n<div class=\"su-column su-column-size-1-2\"><div class=\"su-column-inner su-u-clearfix su-u-trim\">\r\n<a href=\"http:\/\/www.megevesttropez.com\/wp-content\/uploads\/2015\/05\/quotidienne20150526-1.jpg\" data-rel=\"lightbox-image-0\" data-rl_title=\"\" data-rl_caption=\"\" title=\"\"><img loading=\"lazy\" decoding=\"async\" src=\"http:\/\/www.megevesttropez.com\/wp-content\/uploads\/2015\/05\/quotidienne20150526-1.jpg\" alt=\"&#091;cml_media_alt id='556'&#093;quotidienne20150526-1&#091;\/cml_media_alt&#093;\" width=\"649\" height=\"398\" class=\"alignright size-full wp-image-556\" \/><\/a>\r\n<\/div><\/div><\/div>\r\n\r\nPour cette \u00e9dition historique, <strong>pas moins de 42 \u00e9quipages ont r\u00e9pondu \u00e0 l\u2019invitation de Cyril Neveu<\/strong>. Sur l\u2019esplanade du Chalet du Mont d\u2019Arbois, h\u00f4tel mythique de Meg\u00e8ve, camp de base privil\u00e9gi\u00e9 du rallye, les concurrents se succ\u00e8dent et les moteurs ronronnent avec d\u00e9lice.\r\n\r\n<strong>Mercedes, Jaguar, Porsche, Chevrolet, AC Cobra, Triumph\u2026<\/strong> trouvent naturellement leur place et d\u00e9j\u00e0 les concurrents \u00e9changent leurs premi\u00e8res impressions, discutent belles m\u00e9caniques, une coupe de champagne Veuve Clicquot \u00e0 la main.\r\n\r\nLa passion est l\u00e0, dans un lieu d\u2019exception, le Meg\u00e8ve-St-Tropez Classic distille avec douceur sa magie et monte en puissance.\r\n\r\n<strong>Demain, les choses s\u00e9rieuses commencent<\/strong> avec un parcours de 95 kilom\u00e8tres empruntant 4 cols, suivi d\u2019un gymkhana, au Palais des Sports de Meg\u00e8ve.","protected":false},"excerpt":{"rendered":"<p>La quotidienne : 26 mai 2015, J &#8211; 1 &#8211; Les Alpes en majest\u00e9 D\u00e9j\u00e0 organisateur du rallye Maroc Classic, Cyril Neveu affiche un large sourire lors des v\u00e9rifications administratives, -sous le soleil exactement-, de la premi\u00e8re \u00e9dition du Meg\u00e8ve-St-Tropez. Pour cette \u00e9dition historique, pas moins de 42 \u00e9quipages ont r\u00e9pondu \u00e0 l\u2019invitation de Cyril [&hellip;]<\/p>\n","protected":false},"author":4,"featured_media":12184,"comment_status":"closed","ping_status":"closed","sticky":false,"template":"","format":"standard","meta":{"footnotes":""},"categories":[87,75,4],"tags":[],"class_list":{"0":"post-2027","1":"post","2":"type-post","3":"status-publish","4":"format-standard","5":"has-post-thumbnail","6":"hentry","7":"category-1ere-edition","8":"category-75","9":"category-actualites","11":"post-with-thumbnail","12":"post-with-thumbnail-large"},"translation":{"provider":"WPGlobus","version":"3.0.2","language":"en","enabled_languages":["fr","en"],"languages":{"fr":{"title":true,"content":true,"excerpt":false},"en":{"title":true,"content":false,"excerpt":false}}},"_links":{"self":[{"href":"http:\/\/www.megevesttropez.com\/en\/wp-json\/wp\/v2\/posts\/2027","targetHints":{"allow":["GET"]}}],"collection":[{"href":"http:\/\/www.megevesttropez.com\/en\/wp-json\/wp\/v2\/posts"}],"about":[{"href":"http:\/\/www.megevesttropez.com\/en\/wp-json\/wp\/v2\/types\/post"}],"author":[{"embeddable":true,"href":"http:\/\/www.megevesttropez.com\/en\/wp-json\/wp\/v2\/users\/4"}],"replies":[{"embeddable":true,"href":"http:\/\/www.megevesttropez.com\/en\/wp-json\/wp\/v2\/comments?post=2027"}],"version-history":[{"count":2,"href":"http:\/\/www.megevesttropez.com\/en\/wp-json\/wp\/v2\/posts\/2027\/revisions"}],"predecessor-version":[{"id":11373,"href":"http:\/\/www.megevesttropez.com\/en\/wp-json\/wp\/v2\/posts\/2027\/revisions\/11373"}],"wp:featuredmedia":[{"embeddable":true,"href":"http:\/\/www.megevesttropez.com\/en\/wp-json\/wp\/v2\/media\/12184"}],"wp:attachment":[{"href":"http:\/\/www.megevesttropez.com\/en\/wp-json\/wp\/v2\/media?parent=2027"}],"wp:term":[{"taxonomy":"category","embeddable":true,"href":"http:\/\/www.megevesttropez.com\/en\/wp-json\/wp\/v2\/categories?post=2027"},{"taxonomy":"post_tag","embeddable":true,"href":"http:\/\/www.megevesttropez.com\/en\/wp-json\/wp\/v2\/tags?post=2027"}],"curies":[{"name":"wp","href":"https:\/\/api.w.org\/{rel}","templated":true}]}}