{"id":2044,"date":"2017-06-06T23:58:00","date_gmt":"2017-06-06T21:58:00","guid":{"rendered":"http:\/\/www.megevesttropez.com\/?p=1538"},"modified":"2024-08-08T16:16:44","modified_gmt":"2024-08-08T14:16:44","slug":"rallye-megeve-saint-tropez-etape-1-megeve-alpe-dhuez-290-km","status":"publish","type":"post","link":"http:\/\/www.megevesttropez.com\/en\/rallye-megeve-saint-tropez-etape-1-megeve-alpe-dhuez-290-km\/","title":{"rendered":"STAGE 1 : <\/br>MEGEVE &#8211; L&#8217;ALPE D&#8217;HUEZ"},"content":{"rendered":"<h2>Rallye Meg\u00e8ve &#8211; Saint-Tropez : Etape 1, Megeve &#8211; alpe D&#8217;huez (290 km)<\/h2>\r\n\r\n<a href=\"http:\/\/www.megevesttropez.com\/wp-content\/uploads\/2017\/06\/MSTZ-20170606-Gal005.jpg\" rel=\"attachment wp-att-1522\" data-rel=\"lightbox-image-0\" data-rl_title=\"\" data-rl_caption=\"\" title=\"\"><img decoding=\"async\" src=\"http:\/\/www.megevesttropez.com\/wp-content\/uploads\/2017\/06\/MSTZ-20170606-Gal005.jpg\" alt=\"[cml_media_alt id='1522']MSTZ-20170606-Gal005[\/cml_media_alt]\" width=\"400\" class=\"alignright size-full wp-image-1522\" \/><\/a>Au d\u00e9part de Meg\u00e8ve ce matin, le parcours a men\u00e9 les concurrents au sommet du Col des Saisies avant de rejoindre Beaufort puis le Cormet de Roselend pour le premier Contr\u00f4le de Passage. \r\n<br>\r\nApr\u00e8s ce premier sommet de la journ\u00e9e, une pause \u201cCaf\u00e9 Richard\u201d attendait les participants. Halte bienvenue, notamment pour les \u00e9quipages de cabriolets, qui auront profiter de la pluie toute la journ\u00e9e ou presque.\r\n<br>\r\nLes \u00e9v\u00e9nements n&#8217;auront pas attendus si longtemps pour se manifester : en t\u00eate du classement cat\u00e9gorie Prestige hier, l&#8217;\u00e9quipage Gedon a pris une pierre en bord de route \u00e0 30km du d\u00e9part. Le pneu et la jante de la Ferrari California T n\u00b0114 ont finalement pu \u00eatre r\u00e9par\u00e9 apr\u00e8s une longue immobilisation \u00e0 Albertville.\r\n<br><br>\r\nDans la vall\u00e9e de la Tarentaise, entre Bourg Saint-Maurice et Moutiers, le rythme du Rallye s&#8217;est acc\u00e9l\u00e9r\u00e9 malgr\u00e9 le temps toujours exc\u00e9crable. L\u2019ascension vers Courchevel 1850 \u00e0 \u00e9t\u00e9 rapidement aval\u00e9e pour rejoindre le trac\u00e9 de la \u00ab course de c\u00f4te \u00bb qui y \u00e9tait organis\u00e9e.\r\n<br>\r\nLe trac\u00e9 sinueux de la route de montagne aura bien profit\u00e9 \u00e0 l&#8217;\u00e9quipage AVRIL Matthieu &#8211; RAIS Alban en Shelby Cobra 427 pour les Classics. DEGENEVE Florian &#038; Laura\r\n(Porsche Cayman GT4) se classent premiers de la cat\u00e9gorie Prestige.\r\n<br>\r\nApr\u00e8s un d\u00e9jeuner gastronomique pris au pied des pistes, au Restaurant Le Chabott\u00e9, l&#8217;une des tables les plus r\u00e9put\u00e9es de Courchevel, les participants ont repris la route : Haute-Savoie, Savoie puis Is\u00e8re.\r\n<br><br>\r\n<a href=\"http:\/\/www.megevesttropez.com\/wp-content\/uploads\/2017\/06\/MSTZ-20170606-Gal018.jpg\" rel=\"attachment wp-att-1535\" data-rel=\"lightbox-image-1\" data-rl_title=\"\" data-rl_caption=\"\" title=\"\"><img decoding=\"async\" src=\"http:\/\/www.megevesttropez.com\/wp-content\/uploads\/2017\/06\/MSTZ-20170606-Gal018.jpg\" alt=\"[cml_media_alt id='1535']MSTZ-20170606-Gal018[\/cml_media_alt]\" width=\"400\" class=\"alignleft size-full wp-image-1535\" \/><\/a>La progression vers le Sud via les cols de la Madeleine et du Glandon est un spectacle majestueux dont les participants ont pu profiter, au moins en partie. En effet, jusqu&#8217;au Glandon, on ne voyait pas \u00e0 50 m\u00e8tres \u00e0 cause de la pluie et des nuages denses, mais apr\u00e8s avoir quitt\u00e9 La Maurienne pour entrer dans L&#8217;Oisans, le soleil est enfin apparu. \r\n<br>\r\nUne fois ces deux cols franchis, la route s&#8217;est \u00e9lev\u00e9e \u00e0 nouveau en empruntant les 21 lacets chers au Tour de France cycliste et \u00e0 l\u2019ascension de l\u2019Alpe d\u2019Huez. \r\n<br>\r\nPar chance, le temps sec s&#8217;est maintenu au sommet ! La pluie aura donc \u00e9pargn\u00e9 les concurrents pour leur derni\u00e8re \u00e9preuve sportive du jour : un Gymkhana r\u00e9alis\u00e9 &#8220;en aveugle&#8221; sur l&#8217;Altiport de l&#8217;Alpe D&#8217;Huez ! Sur la ligne de d\u00e9part, les pilotes ne distingaient pas le trac\u00e9 \u00e0 cause de la pente de la piste.\r\n<br>\r\nUne configuration difficile qui na pas emp\u00each\u00e9 DINH Didier &#8211; SOLER Joseph (MG B) de prendre la premi\u00e8re place de la cat\u00e9gorie Classic. En Prestige, ce sont BOURIN Dominique &#038; BOULAGE Christel qui arrivent en t\u00eate. Ce soir, tous les participants profitent d&#8217;un repos m\u00e9rit\u00e9 l&#8217;h\u00f4tel Pic Blanc ****. La soir\u00e9e, toute \u00e0 l\u2019honneur de la Financi\u00e8re de l\u2019Echiquier, propose un ap\u00e9ritif \u00ab montagnard \u00bb et une soir\u00e9e musicale avec les produits Charles Volner.\r\n<br><br>\r\nDemain, changement de d\u00e9cors, la caravane du Rallye prend la route de la Provence !\r\n\r\n\r\n<h2 style=\"color: #C72F36;\">Les classements du jour<\/h2>\r\n<div class=\"su-row\"><div class=\"su-column su-column-size-1-2\"><div class=\"su-column-inner su-u-clearfix su-u-trim\">\r\nCat\u00e9gorie  Classic<br \/>\r\n1 \u25cf LAIN Xavier &#8211; MILLIAS Jer\u00f4me (Porsche 930 Turbo)<br>\r\n2 \u25cf THISE Leopold &#038; Marie (Shelby Cobra 289)<br>\r\n3 \u25cf DINH Didier &#8211; SOLER Joseph (MG B)\r\n<\/div><\/div>\r\n<div class=\"su-column su-column-size-1-2\"><div class=\"su-column-inner su-u-clearfix su-u-trim\">\r\n<span style=\"font-weight: bold;\">Cat\u00e9gorie Prestige<\/span><br \/>\r\n1 \u25cf THIRODE Xavier &#038; Dominique (Porsche 911)<br>\r\n2 \u25cf DUSSOGE Franck &#038; Genevi\u00e8ve (Porsche 911 &#8211; Type 964)<br>\r\n2 \u25cf DEGENEVE Florian &#038; Laura (Porsche Cayman GT4)\r\n<\/div><\/div><\/div>\r\n\r\n\r\n\r\n\r\n<div class=\"su-button-center\"><a href=\"http:\/\/www.megevesttropez.com\/wp-content\/uploads\/2017\/Resultats-MSTZ-20170606_ETAPE-1_et_GENERAL.pdf\" class=\"su-button su-button-style-flat su-button-wide\" style=\"color:#FFFFFF;background-color:#C72F36;border-color:#a0262c;border-radius:3px\" target=\"_blank\" rel=\"noopener noreferrer\"><span style=\"color:#FFFFFF;padding:6px 18px;font-size:14px;line-height:21px;border-color:#d86e73;border-radius:3px;text-shadow:none\"><i class=\"sui sui-arrow-right\" style=\"font-size:14px;color:#FFFFFF\"><\/i> T\u00e9l\u00e9charger les classements complets&#8230;<\/span><\/a><\/div>","protected":false},"excerpt":{"rendered":"<p>Rallye Meg\u00e8ve &#8211; Saint-Tropez : Etape 1, Megeve &#8211; alpe D&#8217;huez (290 km) Au d\u00e9part de Meg\u00e8ve ce matin, le parcours a men\u00e9 les concurrents au sommet du Col des Saisies avant de rejoindre Beaufort puis le Cormet de Roselend pour le premier Contr\u00f4le de Passage. Apr\u00e8s ce premier sommet de la journ\u00e9e, une pause [&hellip;]<\/p>\n","protected":false},"author":4,"featured_media":12175,"comment_status":"closed","ping_status":"closed","sticky":false,"template":"","format":"standard","meta":{"footnotes":""},"categories":[73,89,4],"tags":[],"class_list":{"0":"post-2044","1":"post","2":"type-post","3":"status-publish","4":"format-standard","5":"has-post-thumbnail","6":"hentry","7":"category-73","8":"category-3eme-edition","9":"category-actualites","11":"post-with-thumbnail","12":"post-with-thumbnail-large"},"translation":{"provider":"WPGlobus","version":"3.0.2","language":"en","enabled_languages":["fr","en"],"languages":{"fr":{"title":true,"content":true,"excerpt":false},"en":{"title":true,"content":false,"excerpt":false}}},"_links":{"self":[{"href":"http:\/\/www.megevesttropez.com\/en\/wp-json\/wp\/v2\/posts\/2044","targetHints":{"allow":["GET"]}}],"collection":[{"href":"http:\/\/www.megevesttropez.com\/en\/wp-json\/wp\/v2\/posts"}],"about":[{"href":"http:\/\/www.megevesttropez.com\/en\/wp-json\/wp\/v2\/types\/post"}],"author":[{"embeddable":true,"href":"http:\/\/www.megevesttropez.com\/en\/wp-json\/wp\/v2\/users\/4"}],"replies":[{"embeddable":true,"href":"http:\/\/www.megevesttropez.com\/en\/wp-json\/wp\/v2\/comments?post=2044"}],"version-history":[{"count":2,"href":"http:\/\/www.megevesttropez.com\/en\/wp-json\/wp\/v2\/posts\/2044\/revisions"}],"predecessor-version":[{"id":11364,"href":"http:\/\/www.megevesttropez.com\/en\/wp-json\/wp\/v2\/posts\/2044\/revisions\/11364"}],"wp:featuredmedia":[{"embeddable":true,"href":"http:\/\/www.megevesttropez.com\/en\/wp-json\/wp\/v2\/media\/12175"}],"wp:attachment":[{"href":"http:\/\/www.megevesttropez.com\/en\/wp-json\/wp\/v2\/media?parent=2044"}],"wp:term":[{"taxonomy":"category","embeddable":true,"href":"http:\/\/www.megevesttropez.com\/en\/wp-json\/wp\/v2\/categories?post=2044"},{"taxonomy":"post_tag","embeddable":true,"href":"http:\/\/www.megevesttropez.com\/en\/wp-json\/wp\/v2\/tags?post=2044"}],"curies":[{"name":"wp","href":"https:\/\/api.w.org\/{rel}","templated":true}]}}