{"id":2045,"date":"2017-06-08T00:11:56","date_gmt":"2017-06-07T22:11:56","guid":{"rendered":"http:\/\/www.megevesttropez.com\/?p=1591"},"modified":"2024-08-08T16:16:44","modified_gmt":"2024-08-08T14:16:44","slug":"rallye-megeve-saint-tropez-etape-2-alpe-dhuez-baux-de-provence-350-km","status":"publish","type":"post","link":"http:\/\/www.megevesttropez.com\/en\/rallye-megeve-saint-tropez-etape-2-alpe-dhuez-baux-de-provence-350-km\/","title":{"rendered":"STAGE 2 : <\/br>L&#8217;ALPE D&#8217;HUEZ &#8211; LES BAUX"},"content":{"rendered":"<h2>Rallye Meg\u00e8ve &#8211; Saint-Tropez : Etape 2, Alpe d&#8217;Huez &#8211; Les Baux-de-Provence (350 km)<\/h2>\r\n\r\n<a href=\"http:\/\/www.megevesttropez.com\/wp-content\/uploads\/2017\/06\/MSTZ-20170607-013d.jpg\" rel=\"attachment wp-att-1546\" data-rel=\"lightbox-image-0\" data-rl_title=\"\" data-rl_caption=\"\" title=\"\"><img loading=\"lazy\" decoding=\"async\" src=\"http:\/\/www.megevesttropez.com\/wp-content\/uploads\/2017\/06\/MSTZ-20170607-013d.jpg\" alt=\"[cml_media_alt id='1546']MSTZ-20170607-013d[\/cml_media_alt]\" width=\"370\" height=\"230\" class=\"alignright size-full wp-image-1546\" \/><\/a>Les concurrents du 3\u00e8me Meg\u00e8ve &#8211; St-Tropez ont quitt\u00e9 ce matin l\u2019h\u00f4tel Pic Blanc **** pour prendre la direction de la Provence sous un soleil qui les accompagnera tout au long de cette 2\u00e8me \u00e9tape. <br>\r\nDepuis l\u2019Alpe d\u2019Huez, le Rallye a donc emprunt\u00e9 \u00e0 nouveau les 21 lacets, cette fois-ci en descente, avant de prendre la route des Hautes-Alpes via l\u2019\u00e9troit et escarp\u00e9 Col de Parquettout.\r\n<br><br>\r\nLe parcours a progressivement quitt\u00e9 les grands cols alpins pour laisser place aux trac\u00e9s des plus belles \u00e9preuves du c\u00e9l\u00e8bre rallye de Monte-Carlo. \r\nApr\u00e8s un pointage au CP de Pont de Beaume et son d\u00e9fil\u00e9 incroyable, les aficionados des rallyes ont eu le loisir de parcourir des monuments du sport automobile tels que \u00ab Les Savoyons &#8211; Plan de la Tour \u00bb et \u00ab Laborel &#8211; Montauban sur Ouv\u00e8ze \u00bb !\r\n<br><a href=\"http:\/\/www.megevesttropez.com\/wp-content\/uploads\/2017\/06\/MSTZ-20170607-008.jpg\" rel=\"attachment wp-att-1550\" data-rel=\"lightbox-image-1\" data-rl_title=\"\" data-rl_caption=\"\" title=\"\"><img decoding=\"async\" src=\"http:\/\/www.megevesttropez.com\/wp-content\/uploads\/2017\/06\/MSTZ-20170607-008.jpg\" alt=\"[cml_media_alt id='1550']MSTZ-20170607-008[\/cml_media_alt]\" width=\"450\" class=\"alignleft size-full wp-image-1550\" \/><\/a><br>\r\nC&#8217;est au d\u00e9part de Laborel, dans l\u2019ascension du col de Perty, qu&#8217;une courte \u00e9preuve ludique attendait les participants. La mont\u00e9e aura bien profit\u00e9 \u00e0 l&#8217;\u00e9quipage DINH Didier &#8211; SOLER Joseph dans la MG B qui l&#8217;emporte pour la cat\u00e9gorie Classic. \r\n<br><br>\r\nEn Prestige, LIPPENS Patrick &#8211; VAN LOOCK CIndy arrivent premiers de la cat\u00e9gorie au volant de la Ferrari California.\r\n<br><br>\r\nJuste apr\u00e8s cette unique \u00e9preuve de la journ\u00e9e, la caravane du Rallye a fait une halte le temps d&#8217;un pique-nique gastronomique au sommet du Col de Perty. Les participants ont pu profiter d&#8217;une vue \u00e9poustouflante sur la Provence des Barronnies tout en d\u00e9gustant de tr\u00e8s bons produits Petrossian.\r\n<br>\r\nL&#8217;apr\u00e8s-midi, la Dr\u00f4me Proven\u00e7ale puis le Vaucluse ont emmen\u00e9 les participants jusqu&#8217;\u00e0 la l\u00e9gendaire ascension du Mont-Ventoux par son versant nord, d\u00e9cors magnifique s&#8217;il en est. \r\n<br>\r\nD\u00e8s la Vall\u00e9e du Rh\u00f4ne franchie, la route du Rallye a serpent\u00e9 entre lavandes et oliviers pour le plus grand bonheur des yeux et s\u2019est achev\u00e9 au pied des Alpilles dans la ville des Baux-de-Provence. \r\n<br><br>\r\n<a href=\"http:\/\/www.megevesttropez.com\/wp-content\/uploads\/2017\/06\/MSTZ-20170607-013.jpg\" rel=\"attachment wp-att-1545\" data-rel=\"lightbox-image-2\" data-rl_title=\"\" data-rl_caption=\"\" title=\"\"><img decoding=\"async\" src=\"http:\/\/www.megevesttropez.com\/wp-content\/uploads\/2017\/06\/MSTZ-20170607-013.jpg\" alt=\"[cml_media_alt id='1545']MSTZ-20170607-013[\/cml_media_alt]\" width=\"400\" class=\"alignright size-full wp-image-1545\" \/><\/a>Un accueil \u00e0 nouveau aux couleurs de la Financi\u00e8re de l\u2019Echiquier qui organisait une partie de p\u00e9tanque pour tous les participants. Un moment de d\u00e9tente bienvenu dans la plus grande tradition de la r\u00e9gion ! \r\n<br>\r\nCe soir, pour conclure cette belle journ\u00e9e, c&#8217;est Charles Volner qui organise un ap\u00e9ritif-d\u00e9gustation convivial entre les concurrents !\r\n<br><br>\r\nDemain, le Rallye reprend la route pour rejoindre la Place des Lices dans la mythique ville baln\u00e9aire : St-Tropez.\r\n\r\n\r\n\r\n<h2 style=\"color: #C72F36;\">Les classements du jour<\/h2>\r\n<div class=\"su-row\"><div class=\"su-column su-column-size-1-2\"><div class=\"su-column-inner su-u-clearfix su-u-trim\">\r\n<strong>Cat\u00e9gorie  Classic<\/strong><br \/>\r\n1 \u25cf DINH Didier &#8211; SOLER Joseph (MG B) <br>\r\n2 \u25cf PORCEL Michel &#038; Olivia (Porsche 911 Carrera)<br>\r\n3 \u25cf HIPPERT Franck &#8211; KLEPPER Jeanne (Jaguar Type-E)\r\n<\/div><\/div>\r\n<div class=\"su-column su-column-size-1-2\"><div class=\"su-column-inner su-u-clearfix su-u-trim\">\r\n<span style=\"font-weight: bold;\">Cat\u00e9gorie Prestige<\/span><br \/>\r\n1 \u25cf TRUTAT Gilles &#8211; ZAMMITH Eric (Lotus Elise)<br>\r\n2 \u25cf THIRODE Xavier &#038; Dominique (Porsche 911)<br>\r\n3 \u25cf SINTUREL Christophe &#8211; ARNOUX Jean-C\u00e9dric (Porsche 997 C4)\r\n<\/div><\/div><\/div>\r\n\r\n\r\n\r\n\r\n<div class=\"su-button-center\"><a href=\"http:\/\/www.megevesttropez.com\/wp-content\/uploads\/2017\/Resultats-MSTZ-20170607_ETAPE-2_et_GENERAL.pdf\" class=\"su-button su-button-style-flat su-button-wide\" style=\"color:#FFFFFF;background-color:#C72F36;border-color:#a0262c;border-radius:3px\" target=\"_blank\" rel=\"noopener noreferrer\"><span style=\"color:#FFFFFF;padding:6px 18px;font-size:14px;line-height:21px;border-color:#d86e73;border-radius:3px;text-shadow:none\"><i class=\"sui sui-arrow-right\" style=\"font-size:14px;color:#FFFFFF\"><\/i> T\u00e9l\u00e9charger les classements complets&#8230;<\/span><\/a><\/div>","protected":false},"excerpt":{"rendered":"<p>Rallye Meg\u00e8ve &#8211; Saint-Tropez : Etape 2, Alpe d&#8217;Huez &#8211; Les Baux-de-Provence (350 km) Les concurrents du 3\u00e8me Meg\u00e8ve &#8211; St-Tropez ont quitt\u00e9 ce matin l\u2019h\u00f4tel Pic Blanc **** pour prendre la direction de la Provence sous un soleil qui les accompagnera tout au long de cette 2\u00e8me \u00e9tape. Depuis l\u2019Alpe d\u2019Huez, le Rallye a [&hellip;]<\/p>\n","protected":false},"author":4,"featured_media":12174,"comment_status":"closed","ping_status":"closed","sticky":false,"template":"","format":"standard","meta":{"footnotes":""},"categories":[73,89,4],"tags":[],"class_list":{"0":"post-2045","1":"post","2":"type-post","3":"status-publish","4":"format-standard","5":"has-post-thumbnail","6":"hentry","7":"category-73","8":"category-3eme-edition","9":"category-actualites","11":"post-with-thumbnail","12":"post-with-thumbnail-large"},"translation":{"provider":"WPGlobus","version":"3.0.2","language":"en","enabled_languages":["fr","en"],"languages":{"fr":{"title":true,"content":true,"excerpt":false},"en":{"title":true,"content":false,"excerpt":false}}},"_links":{"self":[{"href":"http:\/\/www.megevesttropez.com\/en\/wp-json\/wp\/v2\/posts\/2045","targetHints":{"allow":["GET"]}}],"collection":[{"href":"http:\/\/www.megevesttropez.com\/en\/wp-json\/wp\/v2\/posts"}],"about":[{"href":"http:\/\/www.megevesttropez.com\/en\/wp-json\/wp\/v2\/types\/post"}],"author":[{"embeddable":true,"href":"http:\/\/www.megevesttropez.com\/en\/wp-json\/wp\/v2\/users\/4"}],"replies":[{"embeddable":true,"href":"http:\/\/www.megevesttropez.com\/en\/wp-json\/wp\/v2\/comments?post=2045"}],"version-history":[{"count":2,"href":"http:\/\/www.megevesttropez.com\/en\/wp-json\/wp\/v2\/posts\/2045\/revisions"}],"predecessor-version":[{"id":11363,"href":"http:\/\/www.megevesttropez.com\/en\/wp-json\/wp\/v2\/posts\/2045\/revisions\/11363"}],"wp:featuredmedia":[{"embeddable":true,"href":"http:\/\/www.megevesttropez.com\/en\/wp-json\/wp\/v2\/media\/12174"}],"wp:attachment":[{"href":"http:\/\/www.megevesttropez.com\/en\/wp-json\/wp\/v2\/media?parent=2045"}],"wp:term":[{"taxonomy":"category","embeddable":true,"href":"http:\/\/www.megevesttropez.com\/en\/wp-json\/wp\/v2\/categories?post=2045"},{"taxonomy":"post_tag","embeddable":true,"href":"http:\/\/www.megevesttropez.com\/en\/wp-json\/wp\/v2\/tags?post=2045"}],"curies":[{"name":"wp","href":"https:\/\/api.w.org\/{rel}","templated":true}]}}