{"id":2046,"date":"2017-06-13T14:49:04","date_gmt":"2017-06-13T12:49:04","guid":{"rendered":"http:\/\/www.megevesttropez.com\/?p=1640"},"modified":"2024-08-08T16:16:44","modified_gmt":"2024-08-08T14:16:44","slug":"rallye-megeve-saint-tropez-etape-3-baux-de-provence-saint-tropez-316-km","status":"publish","type":"post","link":"http:\/\/www.megevesttropez.com\/en\/rallye-megeve-saint-tropez-etape-3-baux-de-provence-saint-tropez-316-km\/","title":{"rendered":"STAGE 3 :<\/br>LES BAUX &#8211; SAINT-TROPEZ"},"content":{"rendered":"<h2>Rallye Meg\u00e8ve &#8211; Saint-Tropez : Etape 3  Les Baux-de-Provence &#8211; Saint-Tropez (316 km)<\/h2>\r\n\r\n<a href=\"http:\/\/www.megevesttropez.com\/wp-content\/uploads\/2017\/06\/JOUR-4-133.jpg\" rel=\"attachment wp-att-1603\" data-rel=\"lightbox-image-0\" data-rl_title=\"\" data-rl_caption=\"\" title=\"\"><img loading=\"lazy\" decoding=\"async\" src=\"http:\/\/www.megevesttropez.com\/wp-content\/uploads\/2017\/06\/JOUR-4-133-300x179.jpg\" alt=\"[cml_media_alt id='1603']JOUR-4-133[\/cml_media_alt]\" width=\"300\" height=\"179\" class=\"alignright size-medium wp-image-1603\" \/><\/a>Pour cette troisi\u00e8me et derni\u00e8re \u00e9tape du Rallye, au d\u00e9part des Baux-De-Provence, les concurrents ont attaqu\u00e9 la journ\u00e9e imm\u00e9diatement par une courte \u00e9preuve au coeur des Alpilles. La caravane du Rallye a ensuite travers\u00e9 la vall\u00e9e du Rh\u00f4ne ainsi que le Parc national du Lub\u00e9ron durant de nombreux kilom\u00e8tres, une route grandiose par une belle matin\u00e9e ensolleill\u00e9e.\r\n<br \/><br \/>\r\nApr\u00e8s un CP \u00e0 Bonnieu, sublime village perch\u00e9 au coeur du Lub\u00e9ron, la route devient plus tourment\u00e9e et a amen\u00e9 Classics et Prestiques pr\u00e8s de Forcalquier, o\u00f9 les concurrents ont eu le plaisir de d\u00e9jeuner au sein du Couvent des Minimes, bien connu des amateurs de Relais et Ch\u00e2teau. Un lieu exceptionnel charg\u00e9 d\u2019histoire mariant au mieux son caract\u00e8re d\u2019antan et h\u00f4tellerie moderne.\r\n<br \/><br \/>\r\n<a href=\"http:\/\/www.megevesttropez.com\/wp-content\/uploads\/2017\/06\/MSTZ-20170607-011.jpg\" rel=\"attachment wp-att-1597\" data-rel=\"lightbox-image-1\" data-rl_title=\"\" data-rl_caption=\"\" title=\"\"><img loading=\"lazy\" decoding=\"async\" src=\"http:\/\/www.megevesttropez.com\/wp-content\/uploads\/2017\/06\/MSTZ-20170607-011-300x184.jpg\" alt=\"[cml_media_alt id='1597']MSTZ-20170607-011[\/cml_media_alt]\" width=\"300\" height=\"184\" class=\"alignleft size-medium wp-image-1597\" \/><\/a>Apr\u00e8s cette pause d\u00e9jeuner gastronomique remarqu\u00e9e, la route a serpent\u00e9 sur les plateaux de Lavande pr\u00e8s de Valensole puis encore davantage vers le Lac Sainte-Croix \u00e0 la couleur turquoise si particuli\u00e8re. D\u00e8s lors, les Gorges du Verdon \u00e9taient en vue et les voitures ont eu le loisir d\u2019y \u00e9voluer avec des sonorit\u00e9s que seules ces gorges pourront retranscrire. Un dernier CP \u00e9tait \u00e9tabli dans le Col d\u2019Ayen.\r\n<br \/>\r\nLa Provence n&#8217;a livr\u00e9 ses derniers secrets qu\u2019une fois le Camp militaire de Canjuers travers\u00e9, laissant place aux massif des Maures se distinguant \u00e0 l\u2019horizon.\r\n<br \/>\r\nAvant de prendre la direction de Saint-Tropez, les participants ont fait une halte au Domaine Esclans \u00e0 Callas, le temps d&#8217;une d\u00e9gustation d&#8217;une visite du chai. Enfin, l&#8217;\u00e9tape s&#8217;est conclue sur la Place de Lices de Saint-Tropez o\u00f9 les concurrents se sont arr\u00eat\u00e9s en un alignement de voitures exceptionnelles, un spectacle sublime pour la foule de visiteurs passionn\u00e9s pr\u00e9sente.\r\n<br \/><br \/>\r\n<a href=\"http:\/\/www.megevesttropez.com\/wp-content\/uploads\/2017\/06\/MSTZ-20170607-012.jpg\" rel=\"attachment wp-att-1594\" data-rel=\"lightbox-image-2\" data-rl_title=\"\" data-rl_caption=\"\" title=\"\"><img decoding=\"async\" src=\"http:\/\/www.megevesttropez.com\/wp-content\/uploads\/2017\/06\/MSTZ-20170607-012.jpg\" alt=\"[cml_media_alt id='1594']MSTZ-20170607-012[\/cml_media_alt]\" width=\"780\" class=\"alignleft size-full wp-image-1594\" \/><\/a>Pour marquer le terme de ce 3\u00e8me Rallye Meg\u00e8ve-St-Tropez, les vainqueurs 2017 ont \u00e9t\u00e9 annonc\u00e9s : <br \/>\r\n\u25cf Pour la cat\u00e9gorie Classic : l&#8217;\u00e9quipage DINH Didier &#8211; SOLER Joseph (MG B) <br \/>\r\n\u25cf Pour la cat\u00e9gorie Prestige : l&#8217;\u00e9quipage THIRODE Xavier &#038; Dominique (Porsche 911) \r\n<br \/><br \/>\r\nCe soir, le Ch\u00e2teau de la Messardi\u00e8re et les plages de Pampelonne sont le th\u00e9\u00e2tre de la fin de journ\u00e9e et du d\u00eener de remise des prix. Les vainqueurs du rallye, qui ne manqueront pas de sabler le Champagne Veuve Clicquot, seront c\u00e9l\u00e9br\u00e9s au cours de la soir\u00e9e musicale organis\u00e9e \u00e0 la Tropezina.\r\n\r\n\r\n\r\n\r\n\r\n<h2 style=\"color: #C72F36;\">Les classements final du rallye<\/h2>\r\n<div class=\"su-row\"><\/div><div class=\"su-column su-column-size-1-2\"><div class=\"su-column-inner su-u-clearfix su-u-trim\">\r\n<strong>Cat\u00e9gorie  Classic<\/strong><br \/>\r\n1 \u25cf DINH Didier &#8211; SOLER Joseph (MG B) <br \/>\r\n2 \u25cf THISE Leopold &#038; Marie (Shelby Cobra 289)<br \/>\r\n3 \u25cf AVRIL Matthieu &#8211; RAIS Alban (Shelby Cobra 427)\r\n<\/div><\/div>\r\n<div class=\"su-column su-column-size-1-2\"><div class=\"su-column-inner su-u-clearfix su-u-trim\"><\/div><\/div>\r\n<span style=\"font-weight: bold;\">Cat\u00e9gorie Prestige<\/span><br \/>\r\n1 \u25cf THIRODE Xavier & Dominique (Porsche 911)<br \/>\r\n2 \u25cf DUSSOGE Franck & Genevi\u00e8ve (Porsche 911 - Type 964)<br \/>\r\n3 \u25cf TRUTAT Gilles - ZAMMITH Eric (Lotus Elise)\r\n\r\n\r\n\r\n\r\n<div class=\"su-button-center\"><a href=\"http:\/\/www.megevesttropez.com\/wp-content\/uploads\/2017\/Classement-General-MSTZ-2017.pdf\" class=\"su-button su-button-style-flat su-button-wide\" style=\"color:#FFFFFF;background-color:#C72F36;border-color:#a0262c;border-radius:3px\" target=\"_blank\" rel=\"noopener noreferrer\"><span style=\"color:#FFFFFF;padding:6px 18px;font-size:14px;line-height:21px;border-color:#d86e73;border-radius:3px;text-shadow:none\"><i class=\"sui sui-arrow-right\" style=\"font-size:14px;color:#FFFFFF\"><\/i> T\u00e9l\u00e9charger les classements complets...<\/span><\/a><\/div>","protected":false},"excerpt":{"rendered":"<p>Rallye Meg\u00e8ve &#8211; Saint-Tropez : Etape 3 Les Baux-de-Provence &#8211; Saint-Tropez (316 km) Pour cette troisi\u00e8me et derni\u00e8re \u00e9tape du Rallye, au d\u00e9part des Baux-De-Provence, les concurrents ont attaqu\u00e9 la journ\u00e9e imm\u00e9diatement par une courte \u00e9preuve au coeur des Alpilles. La caravane du Rallye a ensuite travers\u00e9 la vall\u00e9e du Rh\u00f4ne ainsi que le Parc [&hellip;]<\/p>\n","protected":false},"author":4,"featured_media":12173,"comment_status":"closed","ping_status":"closed","sticky":false,"template":"","format":"standard","meta":{"footnotes":""},"categories":[73,89,4],"tags":[],"class_list":{"0":"post-2046","1":"post","2":"type-post","3":"status-publish","4":"format-standard","5":"has-post-thumbnail","6":"hentry","7":"category-73","8":"category-3eme-edition","9":"category-actualites","11":"post-with-thumbnail","12":"post-with-thumbnail-large"},"translation":{"provider":"WPGlobus","version":"3.0.2","language":"en","enabled_languages":["fr","en"],"languages":{"fr":{"title":true,"content":true,"excerpt":false},"en":{"title":true,"content":false,"excerpt":false}}},"_links":{"self":[{"href":"http:\/\/www.megevesttropez.com\/en\/wp-json\/wp\/v2\/posts\/2046","targetHints":{"allow":["GET"]}}],"collection":[{"href":"http:\/\/www.megevesttropez.com\/en\/wp-json\/wp\/v2\/posts"}],"about":[{"href":"http:\/\/www.megevesttropez.com\/en\/wp-json\/wp\/v2\/types\/post"}],"author":[{"embeddable":true,"href":"http:\/\/www.megevesttropez.com\/en\/wp-json\/wp\/v2\/users\/4"}],"replies":[{"embeddable":true,"href":"http:\/\/www.megevesttropez.com\/en\/wp-json\/wp\/v2\/comments?post=2046"}],"version-history":[{"count":2,"href":"http:\/\/www.megevesttropez.com\/en\/wp-json\/wp\/v2\/posts\/2046\/revisions"}],"predecessor-version":[{"id":11362,"href":"http:\/\/www.megevesttropez.com\/en\/wp-json\/wp\/v2\/posts\/2046\/revisions\/11362"}],"wp:featuredmedia":[{"embeddable":true,"href":"http:\/\/www.megevesttropez.com\/en\/wp-json\/wp\/v2\/media\/12173"}],"wp:attachment":[{"href":"http:\/\/www.megevesttropez.com\/en\/wp-json\/wp\/v2\/media?parent=2046"}],"wp:term":[{"taxonomy":"category","embeddable":true,"href":"http:\/\/www.megevesttropez.com\/en\/wp-json\/wp\/v2\/categories?post=2046"},{"taxonomy":"post_tag","embeddable":true,"href":"http:\/\/www.megevesttropez.com\/en\/wp-json\/wp\/v2\/tags?post=2046"}],"curies":[{"name":"wp","href":"https:\/\/api.w.org\/{rel}","templated":true}]}}